{"id":682118,"date":"2025-12-31T06:18:16","date_gmt":"2025-12-31T06:18:16","guid":{"rendered":"https:\/\/www.europesays.com\/de\/682118\/"},"modified":"2025-12-31T06:18:16","modified_gmt":"2025-12-31T06:18:16","slug":"gesundheitsbewusst-durch-den-alltag-wochenanzeiger","status":"publish","type":"post","link":"https:\/\/www.europesays.com\/de\/682118\/","title":{"rendered":"Gesundheitsbewusst durch den Alltag | Wochenanzeiger"},"content":{"rendered":"<p class=\"article-text\">Die Referentin, Dr. Tapati Datta, eine ehrenamtliche Mitarbeiterin des Mehrgenerationenhauses, hat in ihrer Freizeit aus starkem pers\u00f6nlichem Interesse das \u00dcbungskonzept des Workshops zusammengestellt. Es kostet wenig Zeit, zeigt aber gro\u00dfe Wirkung. Die \u00dcbungen sind leicht zu erlernen und gut in den Alltag integrierbar. Regelm\u00e4\u00dfige Anwendung \u2013 rund 15 bis 30 Minuten \u00fcber den Tag verteilt \u2013 f\u00fchrt zu einem deutlichen h\u00f6heren Wohlbefinden und zu besserer Leistungsf\u00e4higkeit. Bei Bedarf werden den Teilnehmern die \u00dcbungen auch auf Englisch oder in einfachem Spanisch beziehungsweise Italienisch erkl\u00e4rt. Die Teilnahme erfolgt auf eigene Verantwortung.<br \/>Den Veranstaltungsort erreicht man mit der U2, Ausstieg Am Hart, oder dem Bus 174, Haltestelle Dientzenhoferstra\u00dfe (diese kann sich aber \u00e4ndern). <\/p>\n","protected":false},"excerpt":{"rendered":"Die Referentin, Dr. Tapati Datta, eine ehrenamtliche Mitarbeiterin des Mehrgenerationenhauses, hat in ihrer Freizeit aus starkem pers\u00f6nlichem Interesse&hellip;\n","protected":false},"author":2,"featured_media":36025,"comment_status":"","ping_status":"","sticky":false,"template":"","format":"standard","meta":{"footnotes":""},"categories":[1827],"tags":[772,29,30,158267,158266,1268,9247,6990],"class_list":{"0":"post-682118","1":"post","2":"type-post","3":"status-publish","4":"format-standard","5":"has-post-thumbnail","7":"category-muenchen","8":"tag-bayern","9":"tag-deutschland","10":"tag-germany","11":"tag-gesundheits-veranstaltungen","12":"tag-harthof-muenchen","13":"tag-muenchen","14":"tag-termin","15":"tag-workshop"},"share_on_mastodon":{"url":"https:\/\/pubeurope.com\/@de\/115812729212024766","error":""},"_links":{"self":[{"href":"https:\/\/www.europesays.com\/de\/wp-json\/wp\/v2\/posts\/682118","targetHints":{"allow":["GET"]}}],"collection":[{"href":"https:\/\/www.europesays.com\/de\/wp-json\/wp\/v2\/posts"}],"about":[{"href":"https:\/\/www.europesays.com\/de\/wp-json\/wp\/v2\/types\/post"}],"author":[{"embeddable":true,"href":"https:\/\/www.europesays.com\/de\/wp-json\/wp\/v2\/users\/2"}],"replies":[{"embeddable":true,"href":"https:\/\/www.europesays.com\/de\/wp-json\/wp\/v2\/comments?post=682118"}],"version-history":[{"count":0,"href":"https:\/\/www.europesays.com\/de\/wp-json\/wp\/v2\/posts\/682118\/revisions"}],"wp:featuredmedia":[{"embeddable":true,"href":"https:\/\/www.europesays.com\/de\/wp-json\/wp\/v2\/media\/36025"}],"wp:attachment":[{"href":"https:\/\/www.europesays.com\/de\/wp-json\/wp\/v2\/media?parent=682118"}],"wp:term":[{"taxonomy":"category","embeddable":true,"href":"https:\/\/www.europesays.com\/de\/wp-json\/wp\/v2\/categories?post=682118"},{"taxonomy":"post_tag","embeddable":true,"href":"https:\/\/www.europesays.com\/de\/wp-json\/wp\/v2\/tags?post=682118"}],"curies":[{"name":"wp","href":"https:\/\/api.w.org\/{rel}","templated":true}]}}