{"id":682266,"date":"2025-12-31T07:45:11","date_gmt":"2025-12-31T07:45:11","guid":{"rendered":"https:\/\/www.europesays.com\/de\/682266\/"},"modified":"2025-12-31T07:45:11","modified_gmt":"2025-12-31T07:45:11","slug":"rund-26-millionen-passagiere-am-flughafen-berlin-brandenburg","status":"publish","type":"post","link":"https:\/\/www.europesays.com\/de\/682266\/","title":{"rendered":"Rund 26 Millionen Passagiere am Flughafen Berlin-Brandenburg"},"content":{"rendered":"<p class=\"tspAGen tspAGeo\">Der Hauptstadtflughafen Berlin-Brandenburg (BER) z\u00e4hlte 2025 rund 26 Millionen Passagiere. Das waren rund zwei Prozent mehr als im Jahr davor mit 25,5 Millionen, wie die Flughafengesellschaft auf dpa-Anfrage mitteilte. In Sch\u00f6nefeld starteten und landeten insgesamt rund 193.000 Maschinen, ein Plus von 0,7 Prozent. Aktuell steuern 70 Fluggesellschaften vom Hauptstadtflughafen 130 Ziele weltweit an.\u00a0<\/p>\n<p><a href=\"http:\/\/checkpoint.tagesspiegel.de\/?icid=single-topic_15091769___\" data-gtm-class=\"article-mzt-link\" class=\"tspBTll\" target=\"_blank\" rel=\"noopener\">Jeden Morgen ab 6 Uhr Herausgeber Lorenz Maroldt und sein Team berichten im Tagesspiegel-Newsletter Checkpoint \u00fcber Berlins Irrungen und Wirrungen. Hier kostenlos anmelden. <\/a><\/p>\n<p class=\"tspAGen\">\u201e2025 war ein anspruchsvolles, aber insgesamt erfolgreiches Jahr\u201c, lautet die Bilanz von BER-Chefin Aletta von Massenbach. Die Passagierzahlen seien trotz der schwierigen Marktsituation und geopolitischer Einfl\u00fcsse auf den Flugverkehr erneut gestiegen. \u201eDas zeigt: Reisen hat nach wie vor einen hohen Stellenwert\u201c, so die Vorsitzende der Gesch\u00e4ftsf\u00fchrung der Flughafen Berlin Brandenburg GmbH. \u201eAuch f\u00fcr das kommende Jahr erwarten wir Wachstum, und wir rechnen derzeit mit 26,5 bis 27 Millionen Flugg\u00e4sten.\u201c\u00a0<\/p>\n<p class=\"tspAGen\">Der Hauptstadtflughafen feierte Ende Oktober sein f\u00fcnfj\u00e4hriges Bestehen nach der Inbetriebnahme am 31. Oktober 2020. Insgesamt starteten und landeten in diesem Zeitraum dort mehr als 800.000 Flugzeuge. Im Oktober wurde der 100-millionste Passagier gez\u00e4hlt. Einen Rekord gab es zum Beginn der Herbstferien am 17. Oktober mit erstmals 100.000 Passagieren an einem Tag seit der BER-Er\u00f6ffnung.\u00a0<\/p>\n<p> Eine Reihe neuer Verbindungen im Sommerflugplan\u00a0 <\/p>\n<p class=\"tspAGen\">Der neue Sommerflugplan beginnt am 29. M\u00e4rz. Viele Details dazu sind aber noch in der Abstimmung. Fest steht dem Flughafenbetreiber zufolge bereits, dass die gr\u00f6\u00dfte kanadische Fluggesellschaft Air Canada von Anfang Juli bis Mitte Oktober dreimal pro Woche eine Nonstop-Verbindung nach Montr\u00e9al anbieten wird.\u00a0<\/p>\n<p> Lesen Sie auch  <a href=\"https:\/\/www.tagesspiegel.de\/berlin\/trotz-geringer-auslastung-am-ber-berlins-verkehrssenatorin-bonde-fordert-dritte-landebahn-und-aufweichung-des-nachtflugverbots-15051908.html?icid=topic-list_15091769___\" data-gtm-class=\"article-mzt-link\" data-hydrate-fingerprint=\"09740a54944caac75fd2c0c63fd5c5df\" data-hydrate-props=\"{&amp;escapedquot;element&amp;escapedquot;:{&amp;escapedquot;type&amp;escapedquot;:&amp;escapedquot;relatedContent&amp;escapedquot;,&amp;escapedquot;fieldMap&amp;escapedquot;:{},&amp;escapedquot;relation&amp;escapedquot;:{&amp;escapedquot;fields&amp;escapedquot;:{&amp;escapedquot;isPaid&amp;escapedquot;:true},&amp;escapedquot;href&amp;escapedquot;:&amp;escapedquot;\/berlin\/trotz-geringer-auslastung-am-ber-berlins-verkehrssenatorin-bonde-fordert-dritte-landebahn-und-aufweichung-des-nachtflugverbots-15051908.html&amp;escapedquot;,&amp;escapedquot;teaserTitle&amp;escapedquot;:{&amp;escapedquot;kicker&amp;escapedquot;:&amp;escapedquot;Trotz geringer Auslastung am BER&amp;escapedquot;,&amp;escapedquot;headline&amp;escapedquot;:&amp;escapedquot;Bonde fordert dritte Landebahn und Aufweichung des Nachtflugverbots&amp;escapedquot;},&amp;escapedquot;id&amp;escapedquot;:&amp;escapedquot;15051908&amp;escapedquot;,&amp;escapedquot;type&amp;escapedquot;:&amp;escapedquot;story&amp;escapedquot;},&amp;escapedquot;isPartOfList&amp;escapedquot;:true,&amp;escapedquot;topicListType&amp;escapedquot;:&amp;escapedquot;topic-list&amp;escapedquot;},&amp;escapedquot;showArrow&amp;escapedquot;:true}\" data-hydrate-slots=\"{&#039;default&#039;:[]}\" class=\"tspBTll\" target=\"_blank\" rel=\"noopener\">Trotz geringer Auslastung am BER Bonde fordert dritte Landebahn und Aufweichung des Nachtflugverbots <\/a><a href=\"https:\/\/www.tagesspiegel.de\/berlin\/berliner-wirtschaft\/warum-reisen-weniger-touristen-in-die-stadt-vielleicht-eine-art-berlin-mudigkeit-weil-alle-schon-dreimal-da-gewesen-sind-15042359.html?icid=topic-list_15091769___\" data-gtm-class=\"article-mzt-link\" data-hydrate-fingerprint=\"09740a54944caac75fd2c0c63fd5c5df\" data-hydrate-props=\"{&amp;escapedquot;element&amp;escapedquot;:{&amp;escapedquot;type&amp;escapedquot;:&amp;escapedquot;relatedContent&amp;escapedquot;,&amp;escapedquot;fieldMap&amp;escapedquot;:{},&amp;escapedquot;relation&amp;escapedquot;:{&amp;escapedquot;fields&amp;escapedquot;:{&amp;escapedquot;isPaid&amp;escapedquot;:true},&amp;escapedquot;href&amp;escapedquot;:&amp;escapedquot;\/berlin\/berliner-wirtschaft\/warum-reisen-weniger-touristen-in-die-stadt-vielleicht-eine-art-berlin-mudigkeit-weil-alle-schon-dreimal-da-gewesen-sind-15042359.html&amp;escapedquot;,&amp;escapedquot;teaserTitle&amp;escapedquot;:{&amp;escapedquot;kicker&amp;escapedquot;:&amp;escapedquot;Warum reisen weniger Touristen in die Stadt?&amp;escapedquot;,&amp;escapedquot;headline&amp;escapedquot;:&amp;escapedquot;\u201eVielleicht eine Art Berlin-M\u00fcdigkeit, weil alle schon dreimal da gewesen sind\u201c&amp;escapedquot;},&amp;escapedquot;id&amp;escapedquot;:&amp;escapedquot;15042359&amp;escapedquot;,&amp;escapedquot;type&amp;escapedquot;:&amp;escapedquot;story&amp;escapedquot;},&amp;escapedquot;isPartOfList&amp;escapedquot;:true,&amp;escapedquot;topicListType&amp;escapedquot;:&amp;escapedquot;topic-list&amp;escapedquot;},&amp;escapedquot;showArrow&amp;escapedquot;:true}\" data-hydrate-slots=\"{&#039;default&#039;:[]}\" class=\"tspBTll\" target=\"_blank\" rel=\"noopener\">Warum reisen weniger Touristen in die Stadt? \u201eVielleicht eine Art Berlin-M\u00fcdigkeit, weil alle schon dreimal da gewesen sind\u201c <\/a><a href=\"https:\/\/www.tagesspiegel.de\/gesellschaft\/reise\/die-coolsten-reiseziele-2026-montreal-formentera-und-markkleeberg-15045046.html?icid=topic-list_15091769___\" data-gtm-class=\"article-mzt-link\" data-hydrate-fingerprint=\"09740a54944caac75fd2c0c63fd5c5df\" data-hydrate-props=\"{&amp;escapedquot;element&amp;escapedquot;:{&amp;escapedquot;type&amp;escapedquot;:&amp;escapedquot;relatedContent&amp;escapedquot;,&amp;escapedquot;fieldMap&amp;escapedquot;:{},&amp;escapedquot;relation&amp;escapedquot;:{&amp;escapedquot;fields&amp;escapedquot;:{&amp;escapedquot;isPaid&amp;escapedquot;:true},&amp;escapedquot;href&amp;escapedquot;:&amp;escapedquot;\/gesellschaft\/reise\/die-coolsten-reiseziele-2026-montreal-formentera-und-markkleeberg-15045046.html&amp;escapedquot;,&amp;escapedquot;teaserTitle&amp;escapedquot;:{&amp;escapedquot;kicker&amp;escapedquot;:&amp;escapedquot;Montreal, Formentera, Markkleeberg&amp;escapedquot;,&amp;escapedquot;headline&amp;escapedquot;:&amp;escapedquot;Das sind die coolsten Reiseziele 2026&amp;escapedquot;},&amp;escapedquot;id&amp;escapedquot;:&amp;escapedquot;15045046&amp;escapedquot;,&amp;escapedquot;type&amp;escapedquot;:&amp;escapedquot;story&amp;escapedquot;},&amp;escapedquot;isPartOfList&amp;escapedquot;:true,&amp;escapedquot;topicListType&amp;escapedquot;:&amp;escapedquot;topic-list&amp;escapedquot;},&amp;escapedquot;showArrow&amp;escapedquot;:true}\" data-hydrate-slots=\"{&#039;default&#039;:[]}\" class=\"tspBTll\" target=\"_blank\" rel=\"noopener\">Montreal, Formentera, Markkleeberg Das sind die coolsten Reiseziele 2026 <\/a><\/p>\n<p class=\"tspAGen\">Die Lufthansa-Tochter Eurowings baut ihr Streckennetz um drei Hauptstadtverbindungen nach London, Lissabon und Sarajevo aus. Mit Olbia, Neapel und Kavala sollen au\u00dferdem drei neue Feriendestinationen ins Programm aufgenommen werden. Auf Strecken wie nach Palma de Mallorca, Stockholm, Z\u00fcrich, Split, Bilbao, Faro und Helsinki werden die Frequenzen erh\u00f6ht.\u00a0Condor will ab Juni ganzj\u00e4hrig t\u00e4gliche Nonstop-Fl\u00fcge nach Abu Dhabi anbieten. Eine Verbindung nach Toronto in Kanada bietet Air Transat ab Anfang Mai dreimal w\u00f6chentlich an. (dpa)<\/p>\n","protected":false},"excerpt":{"rendered":"Der Hauptstadtflughafen Berlin-Brandenburg (BER) z\u00e4hlte 2025 rund 26 Millionen Passagiere. Das waren rund zwei Prozent mehr als im&hellip;\n","protected":false},"author":2,"featured_media":682267,"comment_status":"","ping_status":"","sticky":false,"template":"","format":"standard","meta":{"footnotes":""},"categories":[1816],"tags":[1960,1958,1959,1957,1956,1890,29,30],"class_list":{"0":"post-682266","1":"post","2":"type-post","3":"status-publish","4":"format-standard","5":"has-post-thumbnail","7":"category-brandenburg","8":"tag-aktuelle-nachrichten-aus-berlin-und-brandenburg","9":"tag-aktuelle-nachrichten-aus-brandenburg","10":"tag-aktuelle-news-aus-berlin-und-brandenburg","11":"tag-aktuelle-news-aus-brandenburg","12":"tag-berlin-und-brandenburg","13":"tag-brandenburg","14":"tag-deutschland","15":"tag-germany"},"share_on_mastodon":{"url":"https:\/\/pubeurope.com\/@de\/115813071352798208","error":""},"_links":{"self":[{"href":"https:\/\/www.europesays.com\/de\/wp-json\/wp\/v2\/posts\/682266","targetHints":{"allow":["GET"]}}],"collection":[{"href":"https:\/\/www.europesays.com\/de\/wp-json\/wp\/v2\/posts"}],"about":[{"href":"https:\/\/www.europesays.com\/de\/wp-json\/wp\/v2\/types\/post"}],"author":[{"embeddable":true,"href":"https:\/\/www.europesays.com\/de\/wp-json\/wp\/v2\/users\/2"}],"replies":[{"embeddable":true,"href":"https:\/\/www.europesays.com\/de\/wp-json\/wp\/v2\/comments?post=682266"}],"version-history":[{"count":0,"href":"https:\/\/www.europesays.com\/de\/wp-json\/wp\/v2\/posts\/682266\/revisions"}],"wp:featuredmedia":[{"embeddable":true,"href":"https:\/\/www.europesays.com\/de\/wp-json\/wp\/v2\/media\/682267"}],"wp:attachment":[{"href":"https:\/\/www.europesays.com\/de\/wp-json\/wp\/v2\/media?parent=682266"}],"wp:term":[{"taxonomy":"category","embeddable":true,"href":"https:\/\/www.europesays.com\/de\/wp-json\/wp\/v2\/categories?post=682266"},{"taxonomy":"post_tag","embeddable":true,"href":"https:\/\/www.europesays.com\/de\/wp-json\/wp\/v2\/tags?post=682266"}],"curies":[{"name":"wp","href":"https:\/\/api.w.org\/{rel}","templated":true}]}}