{"id":682413,"date":"2025-12-31T09:10:11","date_gmt":"2025-12-31T09:10:11","guid":{"rendered":"https:\/\/www.europesays.com\/de\/682413\/"},"modified":"2025-12-31T09:10:11","modified_gmt":"2025-12-31T09:10:11","slug":"der-silvestertag-startet-mit-schnee-in-berlin-und-brandenburg","status":"publish","type":"post","link":"https:\/\/www.europesays.com\/de\/682413\/","title":{"rendered":"Der Silvestertag startet mit Schnee in Berlin und Brandenburg"},"content":{"rendered":"<p>Der Winter meldet sich p\u00fcnktlich zum Jahresende in Berlin und Brandenburg zur\u00fcck. Der Silvestertag beginnt bereits mit Schnee. Am Vormittag k\u00f6nnen ein bis vier Zentimeter fallen, teilte der Deutsche Wetterdienst (DWD) mit.<\/p>\n<p>Sp\u00e4ter ziehen Wolken durch die Region, die auch Schneeregen mit sich bringen. Vereinzelt kann laut der Vorhersage gefrierender Regen herunter kommen und Glatteis verursachen. In der zweiten Tagesh\u00e4lfte soll das den Angaben zufolge nachlassen.<\/p>\n<p>Auch in der Silvesternacht bleibt es winterlich. Niederschl\u00e4ge setzen erneut ein, teils als Regen, teils als Schnee. W\u00e4hrend es in der Prignitz mit etwa drei Grad Celsius etwas milder bleibt, kann es in der Uckermark bei minus einem Grad Celsius glatt werden.<\/p>\n","protected":false},"excerpt":{"rendered":"Der Winter meldet sich p\u00fcnktlich zum Jahresende in Berlin und Brandenburg zur\u00fcck. Der Silvestertag beginnt bereits mit Schnee.&hellip;\n","protected":false},"author":2,"featured_media":682414,"comment_status":"","ping_status":"","sticky":false,"template":"","format":"standard","meta":{"footnotes":"","_share_on_mastodon":"0"},"categories":[1825],"tags":[296,1890,29,30,140715,134296],"class_list":["post-682413","post","type-post","status-publish","format-standard","has-post-thumbnail","category-berlin","tag-berlin","tag-brandenburg","tag-deutschland","tag-germany","tag-rbb24silvester","tag-rbb24tagesschau"],"share_on_mastodon":{"url":"https:\/\/pubeurope.com\/@de\/115813405806157706","error":""},"_links":{"self":[{"href":"https:\/\/www.europesays.com\/de\/wp-json\/wp\/v2\/posts\/682413","targetHints":{"allow":["GET"]}}],"collection":[{"href":"https:\/\/www.europesays.com\/de\/wp-json\/wp\/v2\/posts"}],"about":[{"href":"https:\/\/www.europesays.com\/de\/wp-json\/wp\/v2\/types\/post"}],"author":[{"embeddable":true,"href":"https:\/\/www.europesays.com\/de\/wp-json\/wp\/v2\/users\/2"}],"replies":[{"embeddable":true,"href":"https:\/\/www.europesays.com\/de\/wp-json\/wp\/v2\/comments?post=682413"}],"version-history":[{"count":0,"href":"https:\/\/www.europesays.com\/de\/wp-json\/wp\/v2\/posts\/682413\/revisions"}],"wp:featuredmedia":[{"embeddable":true,"href":"https:\/\/www.europesays.com\/de\/wp-json\/wp\/v2\/media\/682414"}],"wp:attachment":[{"href":"https:\/\/www.europesays.com\/de\/wp-json\/wp\/v2\/media?parent=682413"}],"wp:term":[{"taxonomy":"category","embeddable":true,"href":"https:\/\/www.europesays.com\/de\/wp-json\/wp\/v2\/categories?post=682413"},{"taxonomy":"post_tag","embeddable":true,"href":"https:\/\/www.europesays.com\/de\/wp-json\/wp\/v2\/tags?post=682413"}],"curies":[{"name":"wp","href":"https:\/\/api.w.org\/{rel}","templated":true}]}}