{"id":682506,"date":"2025-12-31T10:06:10","date_gmt":"2025-12-31T10:06:10","guid":{"rendered":"https:\/\/www.europesays.com\/de\/682506\/"},"modified":"2025-12-31T10:06:10","modified_gmt":"2025-12-31T10:06:10","slug":"dynamo-dresdens-rueckblick-und-ausblick-mit-trainer-stamm-im-exklusiv-interview","status":"publish","type":"post","link":"https:\/\/www.europesays.com\/de\/682506\/","title":{"rendered":"Dynamo Dresdens R\u00fcckblick und Ausblick mit Trainer Stamm im Exklusiv-Interview"},"content":{"rendered":"<p>Schwarz-Gelb-Podcast: So lief Dynamos Jahr &#8211; mit Trainer Thomas Stamm exklusiv im Bilanz-Interview<\/p>\n<p class=\"Textstyled__Text-sc-1cqv9mi-0 dKgfuR ArticleHeadstyled__ArticleSubHeadline-sc-tdzyy5-11 dyhfiJ\">Nach einem Jahr mit vielen H\u00f6hen und einigen Tiefen f\u00fcr Dynamo Dresden blickt der Schwarz-Gelb-Podcast nach vorne &#8211; sowie auch zur\u00fcck. Und Trainer Thomas Stamm spricht im exklusiven Interview \u00fcber  Druck und die Erwartungen an die Mannschaft in der R\u00fcckrunde.<\/p>\n","protected":false},"excerpt":{"rendered":"Schwarz-Gelb-Podcast: So lief Dynamos Jahr &#8211; mit Trainer Thomas Stamm exklusiv im Bilanz-Interview Nach einem Jahr mit vielen&hellip;\n","protected":false},"author":2,"featured_media":682507,"comment_status":"","ping_status":"","sticky":false,"template":"","format":"standard","meta":{"footnotes":""},"categories":[1835],"tags":[3364,29,2386,30,859],"class_list":{"0":"post-682506","1":"post","2":"type-post","3":"status-publish","4":"format-standard","5":"has-post-thumbnail","7":"category-dresden","8":"tag-de","9":"tag-deutschland","10":"tag-dresden","11":"tag-germany","12":"tag-sachsen"},"share_on_mastodon":{"url":"https:\/\/pubeurope.com\/@de\/115813625593372401","error":""},"_links":{"self":[{"href":"https:\/\/www.europesays.com\/de\/wp-json\/wp\/v2\/posts\/682506","targetHints":{"allow":["GET"]}}],"collection":[{"href":"https:\/\/www.europesays.com\/de\/wp-json\/wp\/v2\/posts"}],"about":[{"href":"https:\/\/www.europesays.com\/de\/wp-json\/wp\/v2\/types\/post"}],"author":[{"embeddable":true,"href":"https:\/\/www.europesays.com\/de\/wp-json\/wp\/v2\/users\/2"}],"replies":[{"embeddable":true,"href":"https:\/\/www.europesays.com\/de\/wp-json\/wp\/v2\/comments?post=682506"}],"version-history":[{"count":0,"href":"https:\/\/www.europesays.com\/de\/wp-json\/wp\/v2\/posts\/682506\/revisions"}],"wp:featuredmedia":[{"embeddable":true,"href":"https:\/\/www.europesays.com\/de\/wp-json\/wp\/v2\/media\/682507"}],"wp:attachment":[{"href":"https:\/\/www.europesays.com\/de\/wp-json\/wp\/v2\/media?parent=682506"}],"wp:term":[{"taxonomy":"category","embeddable":true,"href":"https:\/\/www.europesays.com\/de\/wp-json\/wp\/v2\/categories?post=682506"},{"taxonomy":"post_tag","embeddable":true,"href":"https:\/\/www.europesays.com\/de\/wp-json\/wp\/v2\/tags?post=682506"}],"curies":[{"name":"wp","href":"https:\/\/api.w.org\/{rel}","templated":true}]}}