{"id":682538,"date":"2025-12-31T10:23:11","date_gmt":"2025-12-31T10:23:11","guid":{"rendered":"https:\/\/www.europesays.com\/de\/682538\/"},"modified":"2025-12-31T10:23:11","modified_gmt":"2025-12-31T10:23:11","slug":"hier-ist-boellern-an-silvester-in-muenchen-verboten","status":"publish","type":"post","link":"https:\/\/www.europesays.com\/de\/682538\/","title":{"rendered":"Hier ist B\u00f6llern an Silvester in M\u00fcnchen verboten"},"content":{"rendered":"<p class=\"mb-6 text-xs md:text-m lg:text-l font-serif group-[.font-sans]:font-sans \">\n    Zum Jahreswechsel gibt es traditionell Feuerwerk. Die Stadt <a href=\"https:\/\/www.augsburger-allgemeine.de\/orte\/aa-muenchen\" target=\"_self\" class=\"underline \" rel=\"noopener\">M\u00fcnchen<\/a> hat jedoch Allgemeinverf\u00fcgungen \u00fcber B\u00f6ller-Verbotszonen im Stadtgebiet erlassen. Die Polizei werde die Einhaltung konsequent \u00fcberwachen, hei\u00dft es in einer Mitteilung der Polizei. Demnach habe sich die M\u00fcnchner Polizei die folgenden Kernziele f\u00fcr die Silvesternacht gesetzt: Die Aufrechterhaltung der Sicherheit, die fr\u00fchzeitige und konsequente Unterbindung von Sicherheitsst\u00f6rungen, insbesondere durch das Verwenden von Pyrotechnik und gegebenenfalls damit verbundene Gewaltdelikten und die konsequente Verfolgung von Straftaten. Daf\u00fcr werden laut der Mitteilung auch zus\u00e4tzliche Kr\u00e4fte der M\u00fcnchner M\u00fcnchner Einsatzhundertschaften sowie der Bayerischen Bereitschaftspolizei eingesetzt. In den folgenden Sperrzonen ist kein oder nur bestimmtes Feuerwerk erlaubt.\n  <\/p>\n<p>            M\u00fcnchen: Hier gilt das B\u00f6llerverbot an Silvester<\/p>\n<ul rel=\"\" class=\"[&amp;&gt;li]:relative list-none  [&amp;&gt;li]:pl-[1.2em] [&amp;&gt;li]:marker:text-[0] [&amp;&gt;li]:relative [&amp;&gt;li]:before:absolute [&amp;&gt;li]:before:w-3 [&amp;&gt;li]:before:h-3 [&amp;&gt;li]:before:bg-brand [&amp;&gt;li]:before:left-0 [&amp;&gt;li]:before:top-[8px] [&amp;&gt;li]:before:rounded-full  my-5\">\n<li class=\" mb-3 text-xs md:text-m lg:text-l\">In der Altstadt herrscht ein vollst\u00e4ndiges Feuerwerksverbot. Im Bereich der Fu\u00dfg\u00e4ngerzone vom Marienplatz einschlie\u00dflich der zuf\u00fchrenden Stra\u00dfen, \u00fcber die Kaufinger- und Neuhauser Stra\u00dfe bis zum Karlsplatz (Stachus) sowie am Viktualienmarkt und am Rindermarkt ist es verboten, Pyrotechnik mitzuf\u00fchren oder abzubrennen. Das gilt f\u00fcr alle Feuerwerks-Kategorien von F2 bis F4. Das Verbot gilt von 21 Uhr am 31. Dezember bis um 2 Uhr am 1. Januar.<\/li>\n<li class=\" mb-3 text-xs md:text-m lg:text-l\">Innerhalb des Mittleren Rings gibt es ein B\u00f6llerverbot. In der gesamten Umweltzone darf keine Pyrotechnik mit ausschlie\u00dflicher Knallwirkung (Kategorie F2)  abgebrannt werden. Darunter fallen etwa Silvesterknaller oder B\u00f6ller. Das Verbot gilt f\u00fcr den gesamten 31. Dezember und 1. Januar.<\/li>\n<li class=\" mb-3 text-xs md:text-m lg:text-l\">Um den Tierpark Hellabrunn gibt es am gesamten 31. Dezember und 1. Januar einen Schutzbereich. Hier darf kein Feuerwerk abgebrannt werden, um die Tiere vor dem L\u00e4rm zu sch\u00fctzen.<\/li>\n<\/ul>\n<p class=\"mb-6 text-xs md:text-m lg:text-l font-serif group-[.font-sans]:font-sans \">\n    Auch <a href=\"https:\/\/www.augsburger-allgemeine.de\/augsburg\/wo-an-silvester-das-boellern-in-augsburg-verboten-ist-113072113\" target=\"_self\" class=\"underline \" rel=\"noopener\">Augsburg hat Verbotszonen eingerichtet. Hier lesen Sie, wo.<\/a><br \/>Wie Sie bei einer <a href=\"https:\/\/www.augsburger-allgemeine.de\/panorama\/silvester-was-tun-bei-handverletzungen-durch-feuerwerk-113083549\" target=\"_self\" class=\"underline \" rel=\"noopener\">Verletzung durch einen B\u00f6ller richtig handeln, erfahren Sie hier.<\/a>\n  <\/p>\n<ul data-module-id=\"DragDropModule\" class=\"flex flex-wrap justify-start group-[.no-bookmarks]:hidden\">\n<li class=\"mb-3 mr-3\">\n    Viola Koegst<\/p>\n<p>      Icon Haken im Kreis gesetzt<\/p>\n<p>      Icon Plus im Kreis<\/p>\n<\/li>\n<li class=\"mb-3 mr-3\">\n    M\u00fcnchen<\/p>\n<p>      Icon Haken im Kreis gesetzt<\/p>\n<p>      Icon Plus im Kreis<\/p>\n<\/li>\n<li class=\"mb-3 mr-3\">\n    B\u00f6ller<\/p>\n<p>      Icon Haken im Kreis gesetzt<\/p>\n<p>      Icon Plus im Kreis<\/p>\n<\/li>\n<\/ul>\n","protected":false},"excerpt":{"rendered":"Zum Jahreswechsel gibt es traditionell Feuerwerk. Die Stadt M\u00fcnchen hat jedoch Allgemeinverf\u00fcgungen \u00fcber B\u00f6ller-Verbotszonen im Stadtgebiet erlassen. Die&hellip;\n","protected":false},"author":2,"featured_media":682539,"comment_status":"","ping_status":"","sticky":false,"template":"","format":"standard","meta":{"footnotes":""},"categories":[1827],"tags":[5312,680,772,19184,29,30,1268,121,8108,2281,60947],"class_list":{"0":"post-682538","1":"post","2":"type-post","3":"status-publish","4":"format-standard","5":"has-post-thumbnail","7":"category-muenchen","8":"tag-allgemeinverfuegung","9":"tag-augsburg","10":"tag-bayern","11":"tag-boeller","12":"tag-deutschland","13":"tag-germany","14":"tag-muenchen","15":"tag-polizei","16":"tag-pyrotechnik","17":"tag-silvester","18":"tag-silvesterfeuerwerk"},"share_on_mastodon":{"url":"","error":""},"_links":{"self":[{"href":"https:\/\/www.europesays.com\/de\/wp-json\/wp\/v2\/posts\/682538","targetHints":{"allow":["GET"]}}],"collection":[{"href":"https:\/\/www.europesays.com\/de\/wp-json\/wp\/v2\/posts"}],"about":[{"href":"https:\/\/www.europesays.com\/de\/wp-json\/wp\/v2\/types\/post"}],"author":[{"embeddable":true,"href":"https:\/\/www.europesays.com\/de\/wp-json\/wp\/v2\/users\/2"}],"replies":[{"embeddable":true,"href":"https:\/\/www.europesays.com\/de\/wp-json\/wp\/v2\/comments?post=682538"}],"version-history":[{"count":0,"href":"https:\/\/www.europesays.com\/de\/wp-json\/wp\/v2\/posts\/682538\/revisions"}],"wp:featuredmedia":[{"embeddable":true,"href":"https:\/\/www.europesays.com\/de\/wp-json\/wp\/v2\/media\/682539"}],"wp:attachment":[{"href":"https:\/\/www.europesays.com\/de\/wp-json\/wp\/v2\/media?parent=682538"}],"wp:term":[{"taxonomy":"category","embeddable":true,"href":"https:\/\/www.europesays.com\/de\/wp-json\/wp\/v2\/categories?post=682538"},{"taxonomy":"post_tag","embeddable":true,"href":"https:\/\/www.europesays.com\/de\/wp-json\/wp\/v2\/tags?post=682538"}],"curies":[{"name":"wp","href":"https:\/\/api.w.org\/{rel}","templated":true}]}}