{"id":682577,"date":"2025-12-31T10:46:15","date_gmt":"2025-12-31T10:46:15","guid":{"rendered":"https:\/\/www.europesays.com\/de\/682577\/"},"modified":"2025-12-31T10:46:15","modified_gmt":"2025-12-31T10:46:15","slug":"paramount-skydance-schaltet-mtv-musikkanaele-ab","status":"publish","type":"post","link":"https:\/\/www.europesays.com\/de\/682577\/","title":{"rendered":"Paramount Skydance schaltet MTV-Musikkan\u00e4le ab"},"content":{"rendered":"<p>            <img loading=\"lazy\" decoding=\"async\" class=\"ts-image\" src=\"https:\/\/www.europesays.com\/de\/wp-content\/uploads\/2025\/12\/mtv-114.jpg\" alt=\"Das MTV-Logo in silbergrau.\" title=\"Das MTV-Logo in silbergrau. | dpa\"\/><\/p>\n<p class=\"metatextline\">Stand: 31.12.2025 04:47 Uhr<\/p>\n<p class=\"article-head__shorttext\">\n        <strong>Es ist das Ende einer \u00c4ra. Nach 44 Jahren schaltet Paramount Skydance die internationalen MTV-Musikkan\u00e4le ab. Grund ist die Konkurrenz durch Streamingdienste und Social Media &#8211; und ein Wettbewerb mit Netflix.<\/strong>\n    <\/p>\n<p>                                    <a class=\"authorline__link\" href=\"https:\/\/www.tagesschau.de\/korrespondenten\/martin-ganslmeier-110.html\" target=\"_blank\" rel=\"noopener\"><br \/>\n                                        <img decoding=\"async\" class=\"authorline__img\" alt=\"Martin Ganslmeier\" src=\"https:\/\/www.europesays.com\/de\/wp-content\/uploads\/2025\/12\/martin-ganslmeier-109.jpg\"\/><br \/>\n                                    <\/a><\/p>\n<p class=\"textabsatz m-ten m-offset-one l-eight l-offset-two columns twelve\">Vor 44 Jahren war es der Beginn einer neuen \u00c4ra &#8211; 1981 ging der Musiksender MTV an den Start: Ein Sender, der nur Musikvideos ausstrahlt, war damals bahnbrechend. Doch in den vergangenen zehn Jahren haben Streaming-Dienste und Social-Media dem Musiksender das Leben schwer gemacht. Nun stellt der US-Mutterkonzern Paramount Skydance zum Jahresende die internationalen MTV-Musiksender ein.<\/p>\n<p class=\"textabsatz m-ten m-offset-one l-eight l-offset-two columns twelve\">Betroffen sind zun\u00e4chst die internationalen Musikkan\u00e4le von MTV und jene MTV-Sender, die immer noch \u00fcberwiegend Musikvideos zeigten. Dazu geh\u00f6ren MTV 80s, MTV 90s, die sich auf Musik der 80er- und 90er-Jahre spezialisiert haben, sowie Club MTV und MTV Live, wo man vor allem Live-Konzerte sehen konnte.<\/p>\n<p>    &#8222;Es gab schon l\u00e4nger kein Gesch\u00e4ftsmodell mehr&#8220;<\/p>\n<p class=\"textabsatz m-ten m-offset-one l-eight l-offset-two columns twelve\">F\u00fcr den fr\u00fcheren MTV-Vorstandschef Tom Freston kommt die Entscheidung von Paramount Skydance nicht \u00fcberraschend: &#8222;Es gab schon l\u00e4nger kein Gesch\u00e4ftsmodell mehr daf\u00fcr, ein Musikvideo nach dem anderen im linearen TV auszustrahlen. Das bekommt man heute \u00fcberall im Internet&#8220;, sagt er.<\/p>\n<p class=\"textabsatz m-ten m-offset-one l-eight l-offset-two columns twelve\">Immerhin will Paramount Skydance in den USA weiterhin MTV HD ausstrahlen. Allerdings soll der Schwerpunkt auf Reality-Shows und Entertainment liegen, nicht mehr auf Musikvideos.<\/p>\n<p class=\"textabsatz m-ten m-offset-one l-eight l-offset-two columns twelve\">F\u00fcr den Mutterkonzern gibt es mehrere Gr\u00fcnde, das Ende der MTV-\u00c4ra einzul\u00e4uten. Die Einschaltquoten gingen jedes Jahr zur\u00fcck. Die meisten Nutzer schauen sich Musikvideos auf YouTube, TikTok oder anderen Streaming-Plattformen an. Dort sorgen Algorithmen daf\u00fcr, dass man gezielt mit Musik-Videos f\u00fcr seinen pers\u00f6nlichen Geschmack versorgt wird. Au\u00dferdem k\u00f6nnen sich die Nutzer interaktiv austauschen.<\/p>\n<p>    &#8222;Heute werden mehr Musikvideos als je zuvor produziert&#8220;<\/p>\n<p class=\"textabsatz m-ten m-offset-one l-eight l-offset-two columns twelve\">Das Ende der MTV-\u00c4ra bedeutet also nicht das Ende von Musikvideos, betont der fr\u00fchere MTV-Chef Tom Freston im Sender CNN: &#8222;Heute werden mehr Musikvideos als je zuvor produziert. Die sind immer noch sehr beliebt, auch bei den K\u00fcnstlern. Aber eben f\u00fcrs Netz und On-Demand, nicht mehr f\u00fcrs lineare TV. Klassisches TV lohnt sich nur noch, wenn du Nachrichten oder Sport im Angebot hast. Alles andere hat in der digitalen Streaming-Welt ein Problem.&#8220;<\/p>\n<p class=\"textabsatz m-ten m-offset-one l-eight l-offset-two columns twelve\">Zumal die klassischen Fernsehsender viel teurer sind und weniger Geld bringen als Streaming-Angebote im Netz. Weshalb Paramount Skydance seit Sommer 2024 mehr als 500 Millionen Dollar bei seinen linearen TV-Sendern eingespart hat. Nicht nur bei MTV, auch beim Traditionssender CBS, beim Kindersender Nickelodeon und bei Comedy Central.<\/p>\n<p class=\"textabsatz m-ten m-offset-one l-eight l-offset-two columns twelve\">Au\u00dferdem wurden die Fernsehstudios von Paramount geschlossen. Stattdessen wird kr\u00e4ftig in die Streaming-Plattform Paramount+ investiert sowie in Social-Media-Angebote. Einer der H\u00f6hepunkte in der Geschichte von MTV &#8211; das legend\u00e4re Unplugged-Konzert von Eric Clapton aus dem Jahr 1992 &#8211; soll jetzt neue Abonnenten f\u00fcr die Streaming-Plattform Paramount+ locken.<\/p>\n<p>    Kampf mit Netflix um Warner Bros.<\/p>\n<p class=\"textabsatz m-ten m-offset-one l-eight l-offset-two columns twelve\">Und es gibt noch einen weiteren Grund, warum der US-Mutterkonzern von MTV derzeit so viel Geld zusammenkratzt. Paramount Skydance befindet sich in einem knallharten Bieterwettkampf um den traditionsreichen Film- und Medienriesen Warner Brothers Discovery. Der besitzt die erfolgreiche Streaming-Plattform HBO Max. Eine Fusion von HBO Max und Paramount+ k\u00f6nnte Marktf\u00fchrer Netflix Konkurrenz machen, weshalb auch Netflix Warner Brothers \u00fcbernehmen will &#8211; und bislang sogar die besseren Chancen hat. Auch deshalb braucht Paramount Skydance noch mehr Geld f\u00fcr ein noch besseres \u00dcbernahme-Angebot.<\/p>\n<p class=\"textabsatz m-ten m-offset-one l-eight l-offset-two columns twelve\">Somit geht die \u00c4ra zu Ende, die 1981 mit einem ber\u00fchmten Musikvideo begann: &#8222;Video killed the Radio Star&#8220;. Wobei &#8211; Ironie der Geschichte &#8211; das oftmals totgesagte Radio auch 44 Jahre sp\u00e4ter immer noch ziemlich lebendig ist.<\/p>\n","protected":false},"excerpt":{"rendered":"Stand: 31.12.2025 04:47 Uhr Es ist das Ende einer \u00c4ra. Nach 44 Jahren schaltet Paramount Skydance die internationalen&hellip;\n","protected":false},"author":2,"featured_media":682578,"comment_status":"","ping_status":"","sticky":false,"template":"","format":"standard","meta":{"footnotes":""},"categories":[5],"tags":[13,30219,14,15,6552,12,10,8,9,11],"class_list":{"0":"post-682577","1":"post","2":"type-post","3":"status-publish","4":"format-standard","5":"has-post-thumbnail","7":"category-nachrichten","8":"tag-headlines","9":"tag-mtv","10":"tag-nachrichten","11":"tag-news","12":"tag-paramount","13":"tag-schlagzeilen","14":"tag-top-news","15":"tag-top-meldungen","16":"tag-topmeldungen","17":"tag-topnews"},"share_on_mastodon":{"url":"https:\/\/pubeurope.com\/@de\/115813782954523773","error":""},"_links":{"self":[{"href":"https:\/\/www.europesays.com\/de\/wp-json\/wp\/v2\/posts\/682577","targetHints":{"allow":["GET"]}}],"collection":[{"href":"https:\/\/www.europesays.com\/de\/wp-json\/wp\/v2\/posts"}],"about":[{"href":"https:\/\/www.europesays.com\/de\/wp-json\/wp\/v2\/types\/post"}],"author":[{"embeddable":true,"href":"https:\/\/www.europesays.com\/de\/wp-json\/wp\/v2\/users\/2"}],"replies":[{"embeddable":true,"href":"https:\/\/www.europesays.com\/de\/wp-json\/wp\/v2\/comments?post=682577"}],"version-history":[{"count":0,"href":"https:\/\/www.europesays.com\/de\/wp-json\/wp\/v2\/posts\/682577\/revisions"}],"wp:featuredmedia":[{"embeddable":true,"href":"https:\/\/www.europesays.com\/de\/wp-json\/wp\/v2\/media\/682578"}],"wp:attachment":[{"href":"https:\/\/www.europesays.com\/de\/wp-json\/wp\/v2\/media?parent=682577"}],"wp:term":[{"taxonomy":"category","embeddable":true,"href":"https:\/\/www.europesays.com\/de\/wp-json\/wp\/v2\/categories?post=682577"},{"taxonomy":"post_tag","embeddable":true,"href":"https:\/\/www.europesays.com\/de\/wp-json\/wp\/v2\/tags?post=682577"}],"curies":[{"name":"wp","href":"https:\/\/api.w.org\/{rel}","templated":true}]}}