{"id":682581,"date":"2025-12-31T10:48:18","date_gmt":"2025-12-31T10:48:18","guid":{"rendered":"https:\/\/www.europesays.com\/de\/682581\/"},"modified":"2025-12-31T10:48:18","modified_gmt":"2025-12-31T10:48:18","slug":"jahresrueckblick-2025-ereignisse-und-emotionen-aus-aachen-dueren-heinsberg","status":"publish","type":"post","link":"https:\/\/www.europesays.com\/de\/682581\/","title":{"rendered":"Jahresr\u00fcckblick 2025: Ereignisse und Emotionen aus Aachen, D\u00fcren &#038; Heinsberg"},"content":{"rendered":"<p class=\"Paragraph_paragraph__exhQA Paragraph_paragraph--default-lg-default__8QZrI articleParagraph\">Extreme, Emotionen und entscheidende Momente: Das Jahr 2025 hat die Region Aachen, D\u00fcren und Heinsberg immer wieder durchgesch\u00fcttelt. Naturgewalten, politische Z\u00e4suren und spektakul\u00e4re Schlagzeilen trafen auf bewegende Feste, sportliche Wendepunkte und stille Abschiede. Unser R\u00fcckblick in Bildern zeigt Monat f\u00fcr Monat, wie nah Chaos und Zuversicht, Protest und Glamour, Krise und Gemeinschaft beieinanderlagen \u2013 und wie sehr diese zw\u00f6lf Monate die Region gepr\u00e4gt haben.<\/p>\n<p>Januar<\/p>\n<p class=\"Paragraph_paragraph__exhQA Paragraph_paragraph--default-lg-default__8QZrI articleParagraph\">Der Januar schwankt zwischen Chaos und Glamour: W\u00e4hrend Sturmtief \u201eBernd\u201c, Schnee und ein Erdbeben die Region durchsch\u00fcttelten, sorgt US-S\u00e4ngerin SZA in einem Heinsberger Retro-Trikot f\u00fcr Schlagzeilen. Politisch pr\u00e4gen Proteste gegen Rechtsextreme das Bild, w\u00e4hrend Alemannia Aachen durch eine Debatte um ein Gewaltvideo unter Druck ger\u00e4t.<\/p>\n<p><a href=\"https:\/\/www.aachener-zeitung.de\/lokales\/der-januar-in-bildern\/31758447.html\" class=\"RelatedTeaser_related-teaser__w3AgI RelatedTeaser_related-teaser--image__GJcRr read-more_withImage__1YJa_\" data-article-id=\"31758447\" target=\"_blank\" rel=\"noopener\"><\/p>\n<p>Lesen Sie auch:Der Januar in Bildern<\/p>\n<p><\/a>Februar<\/p>\n<p class=\"Paragraph_paragraph__exhQA Paragraph_paragraph--default-lg-default__8QZrI articleParagraph\">Nach dem Wahlsieg der Union bei der Bundestagswahl kehrt mit dem Stra\u00dfenkarneval die Leichtigkeit zur\u00fcck, gekr\u00f6nt durch das erste homosexuelle Prinzenpaar in D\u00fcren. \u00dcberschattet wird der Monat jedoch von den Ermittlungen gegen einen Pfleger am Rhein-Maas-Klinikum und einer massiven digitalen Gro\u00dfst\u00f6rung im Netz der NetAachen.<\/p>\n<p><a href=\"https:\/\/www.aachener-zeitung.de\/lokales\/der-februar-in-bildern\/37008427.html\" class=\"RelatedTeaser_related-teaser__w3AgI RelatedTeaser_related-teaser--image__GJcRr read-more_withImage__1YJa_\" data-article-id=\"37008427\" target=\"_blank\" rel=\"noopener\"><\/p>\n<p>Lesen Sie auch:Der Februar in Bildern<\/p>\n<p><\/a>M\u00e4rz<\/p>\n<p class=\"Paragraph_paragraph__exhQA Paragraph_paragraph--default-lg-default__8QZrI articleParagraph\">Ersch\u00fctternde Nachrichten pr\u00e4gen den M\u00e4rz: Der Wilhelmina-Turm in Valkenburg st\u00fcrzt ein, und der 1. FC D\u00fcren muss Insolvenz anmelden. W\u00e4hrend in Aachen der Mordprozess gegen einen Krankenpfleger startet, k\u00e4mpfen Tausende Streikende in Heinsberg f\u00fcr bessere Bedingungen im \u00f6ffentlichen Dienst.<\/p>\n<p><a href=\"https:\/\/www.aachener-zeitung.de\/lokales\/der-maerz-in-bildern\/46736986.html\" class=\"RelatedTeaser_related-teaser__w3AgI RelatedTeaser_related-teaser--image__GJcRr read-more_withImage__1YJa_\" data-article-id=\"46736986\" target=\"_blank\" rel=\"noopener\"><\/p>\n<p>Lesen Sie auch:Der M\u00e4rz in Bildern<\/p>\n<p><\/a>April<\/p>\n<p class=\"Paragraph_paragraph__exhQA Paragraph_paragraph--default-lg-default__8QZrI articleParagraph\">Auch in der Region wird im April um Papst Franziskus getraut. In Heinsberg wird ein massiver Skandal um illegal abgelagerten Giftm\u00fcll aufgedeckt. W\u00e4hrend Baustellen und Tunnel-Sperrungen die Pendler rund um Aachen auf den Pr\u00fcfstand stellen, sorgen Berichte \u00fcber eine vergessene Lizenz einer Tagesmutter und die Sperrung privater Parkpl\u00e4tze f\u00fcr Diskussionen.<\/p>\n<p><a href=\"https:\/\/www.aachener-zeitung.de\/lokales\/der-april-in-bildern\/52562371.html\" class=\"RelatedTeaser_related-teaser__w3AgI RelatedTeaser_related-teaser--image__GJcRr read-more_withImage__1YJa_\" data-article-id=\"52562371\" target=\"_blank\" rel=\"noopener\"><\/p>\n<p>Lesen Sie auch:Der April in Bildern<\/p>\n<p><\/a>Mai<\/p>\n<p class=\"Paragraph_paragraph__exhQA Paragraph_paragraph--default-lg-default__8QZrI articleParagraph\">Der Mai bringt mit der Karlspreis-Verleihung an Ursula von der Leyen internationalen Glanz nach Aachen. Sportlich \u00fcberrascht Alemannia Aachen mit der sofortigen Freistellung von Gesch\u00e4ftsf\u00fchrer Sascha Eller, w\u00e4hrend in W\u00fcrselen erneut eine Hauswand einst\u00fcrzt und ein T\u00f6tungsdelikt das Aachener Ostviertel ersch\u00fcttert.<\/p>\n<p><a href=\"https:\/\/www.aachener-zeitung.de\/lokales\/der-mai-in-bildern\/63786188.html\" class=\"RelatedTeaser_related-teaser__w3AgI RelatedTeaser_related-teaser--image__GJcRr read-more_withImage__1YJa_\" data-article-id=\"63786188\" target=\"_blank\" rel=\"noopener\"><\/p>\n<p>Lesen Sie auch:Der Mai in Bildern<\/p>\n<p><\/a>Juni<\/p>\n<p class=\"Paragraph_paragraph__exhQA Paragraph_paragraph--default-lg-default__8QZrI articleParagraph\">Vom CHIO bis zum Domspringen steht der Juni im Zeichen des Spitzensports. In J\u00fclich steht nun offiziell der schnellste Supercomputer Europas. Getr\u00fcbt wird die Stimmung durch vermeintlich rassistische und queerfeindliche Angriffe in Aachen und D\u00fcren, die jedoch eine enorme Welle der Solidarit\u00e4t ausl\u00f6sen.<\/p>\n<p><a href=\"https:\/\/www.aachener-zeitung.de\/lokales\/der-juni-in-bildern\/69624827.html\" class=\"RelatedTeaser_related-teaser__w3AgI RelatedTeaser_related-teaser--image__GJcRr read-more_withImage__1YJa_\" data-article-id=\"69624827\" target=\"_blank\" rel=\"noopener\"><\/p>\n<p>Lesen Sie auch:Der Juni in Bildern<\/p>\n<p><\/a>Juli<\/p>\n<p class=\"Paragraph_paragraph__exhQA Paragraph_paragraph--default-lg-default__8QZrI articleParagraph\">Ein schwerer Unfall im Umspannwerk Krauthausen legt im Juli Teile der Region lahm, w\u00e4hrend ein Tornado in Roetgen f\u00fcr Verw\u00fcstung sorgt. Sportlich setzt Alemannia Aachen mit der R\u00fcckkehr von Rachid Azzouzi ein Zeichen, w\u00e4hrend das Aus f\u00fcr das Cinekarree das Ende einer Kino-\u00c4ra einl\u00e4utet.<\/p>\n<p><a href=\"https:\/\/www.aachener-zeitung.de\/lokales\/der-juli-in-bildern\/75105117.html\" class=\"RelatedTeaser_related-teaser__w3AgI RelatedTeaser_related-teaser--image__GJcRr read-more_withImage__1YJa_\" data-article-id=\"75105117\" target=\"_blank\" rel=\"noopener\"><\/p>\n<p>Lesen Sie auch:Der Juli in Bildern<\/p>\n<p><\/a>August<\/p>\n<p class=\"Paragraph_paragraph__exhQA Paragraph_paragraph--default-lg-default__8QZrI articleParagraph\">Politisch wird es im August ernst, als die Genehmigung f\u00fcr die umstrittenen Castor-Transporte von J\u00fclich nach Ahaus erteilt wird. Ein Daten-Skandal ersch\u00fcttert das Stolberger Rathaus. Au\u00dferdem verabschieden sich mit dem Skateshop Titus und dem Lindt-Store zwei Gesch\u00e4fte aus der Aachener Innenstadt.<\/p>\n<p><a href=\"https:\/\/www.aachener-zeitung.de\/lokales\/der-august-in-bildern\/81327603.html\" class=\"RelatedTeaser_related-teaser__w3AgI RelatedTeaser_related-teaser--image__GJcRr read-more_withImage__1YJa_\" data-article-id=\"81327603\" target=\"_blank\" rel=\"noopener\"><\/p>\n<p>Lesen Sie auch:Der August in Bildern<\/p>\n<p><\/a>September<\/p>\n<p class=\"Paragraph_paragraph__exhQA Paragraph_paragraph--default-lg-default__8QZrI articleParagraph\">Der September steht ganz im Zeichen der Kommunalwahlen und spannender Stichwahlen in der Region. Ein emotionales Highlight ist das Br\u00fcckenfest auf der A544, die nach monatlicher Sperrung endlich wieder f\u00fcr den Verkehr freigegeben wird.<\/p>\n<p><a href=\"https:\/\/www.aachener-zeitung.de\/lokales\/der-september-in-bildern\/87416672.html\" class=\"RelatedTeaser_related-teaser__w3AgI RelatedTeaser_related-teaser--image__GJcRr read-more_withImage__1YJa_\" data-article-id=\"87416672\" target=\"_blank\" rel=\"noopener\"><\/p>\n<p>Lesen Sie auch:Der September in Bildern<\/p>\n<p><\/a>Oktober<\/p>\n<p class=\"Paragraph_paragraph__exhQA Paragraph_paragraph--default-lg-default__8QZrI articleParagraph\">In Aachen \u00fcbergibt Sibylle Keupen das Oberb\u00fcrgermeisteramt offiziell an Michael Ziemons. Sportlich herrscht bei Alemannia Aachen Unruhe durch die Trennung von Trainer Muzzicato. Ebenfalls in der Aachener Soers beginnt der Abriss der markanten Gasballons, was das Stadtbild nachhaltig ver\u00e4ndert.<\/p>\n<p><a href=\"https:\/\/www.aachener-zeitung.de\/lokales\/der-oktober-in-bildern\/94399297.html\" class=\"RelatedTeaser_related-teaser__w3AgI\" data-article-id=\"94399297\" target=\"_blank\" rel=\"noopener\"><\/p>\n<p>Lesen Sie auch:Der Oktober in Bildern<\/p>\n<p><\/a>November<\/p>\n<p class=\"Paragraph_paragraph__exhQA Paragraph_paragraph--default-lg-default__8QZrI articleParagraph\">Der November bringt den \u201eersten\u201c Schnee in die Eifel und den feierlichen Start in die Karnevalssession. Wirtschaftlich pr\u00e4gen Abschiede und \u00dcbernahmen von Traditionsgesch\u00e4ften wie \u201eBella Italia\u201c oder \u201eListmann\u201c den Monat. Am Tivoli \u00fcbernimmt nun Mersad Selimbegovic als neuer Trainer.<\/p>\n<p><a href=\"https:\/\/www.aachener-zeitung.de\/lokales\/der-november-in-bildern\/101699160.html\" class=\"RelatedTeaser_related-teaser__w3AgI\" data-article-id=\"101699160\" target=\"_blank\" rel=\"noopener\"><\/p>\n<p>Lesen Sie auch:Der November in Bildern<\/p>\n<p><\/a>Dezember<\/p>\n<p class=\"Paragraph_paragraph__exhQA Paragraph_paragraph--default-lg-default__8QZrI articleParagraph\">Zum Jahresende \u00fcberwiegen Unsicherheit und Umbruch: Millionensch\u00e4den durch Cyberbetrug, die Schlie\u00dfung des Neapco-Werks in D\u00fcren und das Aus f\u00fcr Aachens \u00e4ltesten McDrive sorgen f\u00fcr Aufsehen. Infrastrukturprobleme, Schulsch\u00e4den und Streit um Pflegeeinrichtungen belasten den Alltag, w\u00e4hrend politisch in Stolberg mit der Best\u00e4tigung der Wahlergebnisse Klarheit geschaffen wird. <\/p>\n<p><a href=\"https:\/\/www.aachener-zeitung.de\/lokales\/der-dezember-in-bildern\/109186601.html\" class=\"RelatedTeaser_related-teaser__w3AgI RelatedTeaser_related-teaser--image__GJcRr read-more_withImage__1YJa_\" data-article-id=\"109186601\" target=\"_blank\" rel=\"noopener\"><\/p>\n<p>Lesen Sie auch:Der Dezember in Bildern<\/p>\n<p><\/a><\/p>\n","protected":false},"excerpt":{"rendered":"Extreme, Emotionen und entscheidende Momente: Das Jahr 2025 hat die Region Aachen, D\u00fcren und Heinsberg immer wieder durchgesch\u00fcttelt.&hellip;\n","protected":false},"author":2,"featured_media":682582,"comment_status":"","ping_status":"","sticky":false,"template":"","format":"standard","meta":{"footnotes":""},"categories":[1853],"tags":[1424,3364,29,548,663,3934,30,13,14,15,1209,12],"class_list":{"0":"post-682581","1":"post","2":"type-post","3":"status-publish","4":"format-standard","5":"has-post-thumbnail","7":"category-aachen","8":"tag-aachen","9":"tag-de","10":"tag-deutschland","11":"tag-eu","12":"tag-europa","13":"tag-europe","14":"tag-germany","15":"tag-headlines","16":"tag-nachrichten","17":"tag-news","18":"tag-nordrhein-westfalen","19":"tag-schlagzeilen"},"share_on_mastodon":{"url":"https:\/\/pubeurope.com\/@de\/115813790841641740","error":""},"_links":{"self":[{"href":"https:\/\/www.europesays.com\/de\/wp-json\/wp\/v2\/posts\/682581","targetHints":{"allow":["GET"]}}],"collection":[{"href":"https:\/\/www.europesays.com\/de\/wp-json\/wp\/v2\/posts"}],"about":[{"href":"https:\/\/www.europesays.com\/de\/wp-json\/wp\/v2\/types\/post"}],"author":[{"embeddable":true,"href":"https:\/\/www.europesays.com\/de\/wp-json\/wp\/v2\/users\/2"}],"replies":[{"embeddable":true,"href":"https:\/\/www.europesays.com\/de\/wp-json\/wp\/v2\/comments?post=682581"}],"version-history":[{"count":0,"href":"https:\/\/www.europesays.com\/de\/wp-json\/wp\/v2\/posts\/682581\/revisions"}],"wp:featuredmedia":[{"embeddable":true,"href":"https:\/\/www.europesays.com\/de\/wp-json\/wp\/v2\/media\/682582"}],"wp:attachment":[{"href":"https:\/\/www.europesays.com\/de\/wp-json\/wp\/v2\/media?parent=682581"}],"wp:term":[{"taxonomy":"category","embeddable":true,"href":"https:\/\/www.europesays.com\/de\/wp-json\/wp\/v2\/categories?post=682581"},{"taxonomy":"post_tag","embeddable":true,"href":"https:\/\/www.europesays.com\/de\/wp-json\/wp\/v2\/tags?post=682581"}],"curies":[{"name":"wp","href":"https:\/\/api.w.org\/{rel}","templated":true}]}}