{"id":682751,"date":"2025-12-31T12:24:13","date_gmt":"2025-12-31T12:24:13","guid":{"rendered":"https:\/\/www.europesays.com\/de\/682751\/"},"modified":"2025-12-31T12:24:13","modified_gmt":"2025-12-31T12:24:13","slug":"fw-rs-balkonbrand-in-einem-mehrfamilienhaus-mit-einer-leicht-verletzten-person","status":"publish","type":"post","link":"https:\/\/www.europesays.com\/de\/682751\/","title":{"rendered":"FW-RS: Balkonbrand in einem Mehrfamilienhaus mit einer leicht verletzten Person"},"content":{"rendered":"<p class=\"date\">31.12.2025 \u2013 11:18<\/p>\n<p class=\"customer\">\n                        <a class=\"story-customer\" title=\"weiter zum newsroom von Feuerwehr Remscheid\" href=\"https:\/\/www.presseportal.de\/blaulicht\/nr\/115882\" target=\"_blank\" rel=\"noopener\">Feuerwehr Remscheid<\/a>\n                    <\/p>\n<p><a class=\"glightbox event-trigger\" href=\"https:\/\/cache.pressmailing.net\/thumbnail\/story_hires\/ac41fe60-8d56-49e9-9a71-40d9d191e050\/PHOTO-2025-12-31_Otto-Hahn-Stra%C3%9Fe.jpg.jpg\" data-description=\"Feuerwehr Remscheid: Das Bildmaterial ist zur weiteren Verwendung freigegeben\" data-category=\"medialightbox\" data-action=\"click\" data-label=\"single\" data-value=\"6954f88d270000fd2c594be4\" target=\"_blank\" rel=\"noopener\"><img decoding=\"async\" height=\"540\" with=\"720\" src=\"https:\/\/www.europesays.com\/de\/wp-content\/uploads\/2025\/12\/fw-rs-balkonbrand-in-einem-mehrfamilienhaus-mit-einer-leicht-verletzten-person.jpeg\"   alt=\"FW-RS: Balkonbrand in einem Mehrfamilienhaus mit einer leicht verletzten Person\" class=\"single\"\/><\/a><\/p>\n<p><a data-category=\"citylink-story-view\" data-action=\"click\" data-label=\"Citylink in Meldungsansicht\" class=\"story-city event-trigger\" href=\"https:\/\/www.presseportal.de\/regional\/Remscheid\" title=\"News aus Remscheid \" target=\"_blank\" rel=\"noopener\">Remscheid<\/a> (ots)<\/p>\n<p>Der Silvestertag begann f\u00fcr die Feuerwehr Remscheid mit einem Balkonbrand in der Otto-Hahn-Stra\u00dfe. Eine Fu\u00dfg\u00e4ngerin hatte gegen 08:05 Uhr den Brand bemerkt und umgehend den Notruf gew\u00e4hlt. Als die ersten Feuerwehrkr\u00e4fte eintrafen, stand der Balkon bereits im Vollbrand. Die Scheiben zu der dahinterliegenden Wohnung waren geborsten, so dass auch diese bereits verraucht war.<br \/>\nDie Feuerwehr begann sofort damit, dass Feuer auf dem Balkon und teilweise bereits in der Wohnung von au\u00dfen sowie von innen zu l\u00f6schen. Parallel dazu wurden zwei Drehleitern in Stellung gebracht um eine weitere Brandausbreitung zu verhindern und gegebenenfalls Personen aus dem Geb\u00e4ude zu retten. Die Bewohner der betroffenen Wohnung konnten sich zum Gl\u00fcck bereits vor dem Eintreffen der Feuerwehr in Sicherheit bringen und wurden durch den Rettungsdienst betreut. Da die schwangere Mutter der vierk\u00f6pfigen Familie geringe Mengen an Brandrauch eingeatmet hatte, wurde sie zur Abkl\u00e4rung ins Krankenhaus gebracht. Die Wohnung ist nach dem Brandereignis nicht mehr bewohnbar, so dass die ganze Familie die Silvesternacht bei Verwandten verbringen muss. Die Familienkatze, die zwischenzeitig von der Feuerwehr aus der Wohnung gerettet wurde, wird vor\u00fcbergehend im Tierheim betreut.<br \/>\nAufgrund der starken Rauchentwicklung wurden auch alle anderen Wohnungen des Mehrfamilienhauses kontrolliert. Verletzt wurde hier zum Gl\u00fcck niemand.<\/p>\n<p>Insgesamt waren ca. 40 Einsatzkr\u00e4fte der Berufsfeuerwehr, der L\u00f6scheinheiten Lennep und L\u00fcttringhausen der Freiwilligen Feuerwehr sowie des Rettungsdienstes der Stadt Remscheid im Einsatz. Zum Abschluss wurde die Feuerwehr noch durch ein Streufahrzeug der TBR unterst\u00fctzt, das verhinderte, dass sich durch das L\u00f6schwasser und die Au\u00dfentemperaturen eine Eisschicht auf der Stra\u00dfe bildete.<\/p>\n<p class=\"contact-headline\">R\u00fcckfragen bitte an:<\/p>\n<p class=\"contact-text\">Feuerwehr Remscheid<br \/>Einsatzleitung: S. Breuer<\/p>\n<p>Telefon: 02191\/ 16 2400<br \/>E-Mail: <a href=\"https:\/\/www.presseportal.de\/blaulicht\/pm\/115882\/mailto: presse.feuerwehr@remscheid.de\" class=\"uri-mailto\" target=\"_blank\" rel=\"noopener\"> presse.feuerwehr@remscheid.de<\/a><\/p>\n<p class=\"originator\">Original-Content von: Feuerwehr Remscheid, \u00fcbermittelt durch news aktuell<\/p>\n","protected":false},"excerpt":{"rendered":"31.12.2025 \u2013 11:18 Feuerwehr Remscheid Remscheid (ots) Der Silvestertag begann f\u00fcr die Feuerwehr Remscheid mit einem Balkonbrand in&hellip;\n","protected":false},"author":2,"featured_media":682752,"comment_status":"","ping_status":"","sticky":false,"template":"","format":"standard","meta":{"footnotes":""},"categories":[1840],"tags":[2919,3364,29,985,30,1209,176,178,180,179,181,4418],"class_list":{"0":"post-682751","1":"post","2":"type-post","3":"status-publish","4":"format-standard","5":"has-post-thumbnail","7":"category-wuppertal","8":"tag-brand","9":"tag-de","10":"tag-deutschland","11":"tag-feuerwehr","12":"tag-germany","13":"tag-nordrhein-westfalen","14":"tag-nrw","15":"tag-presse","16":"tag-pressemeldung","17":"tag-pressemitteilung","18":"tag-pressemitteilungen","19":"tag-wuppertal"},"share_on_mastodon":{"url":"https:\/\/pubeurope.com\/@de\/115814168461704819","error":""},"_links":{"self":[{"href":"https:\/\/www.europesays.com\/de\/wp-json\/wp\/v2\/posts\/682751","targetHints":{"allow":["GET"]}}],"collection":[{"href":"https:\/\/www.europesays.com\/de\/wp-json\/wp\/v2\/posts"}],"about":[{"href":"https:\/\/www.europesays.com\/de\/wp-json\/wp\/v2\/types\/post"}],"author":[{"embeddable":true,"href":"https:\/\/www.europesays.com\/de\/wp-json\/wp\/v2\/users\/2"}],"replies":[{"embeddable":true,"href":"https:\/\/www.europesays.com\/de\/wp-json\/wp\/v2\/comments?post=682751"}],"version-history":[{"count":0,"href":"https:\/\/www.europesays.com\/de\/wp-json\/wp\/v2\/posts\/682751\/revisions"}],"wp:featuredmedia":[{"embeddable":true,"href":"https:\/\/www.europesays.com\/de\/wp-json\/wp\/v2\/media\/682752"}],"wp:attachment":[{"href":"https:\/\/www.europesays.com\/de\/wp-json\/wp\/v2\/media?parent=682751"}],"wp:term":[{"taxonomy":"category","embeddable":true,"href":"https:\/\/www.europesays.com\/de\/wp-json\/wp\/v2\/categories?post=682751"},{"taxonomy":"post_tag","embeddable":true,"href":"https:\/\/www.europesays.com\/de\/wp-json\/wp\/v2\/tags?post=682751"}],"curies":[{"name":"wp","href":"https:\/\/api.w.org\/{rel}","templated":true}]}}