{"id":682982,"date":"2025-12-31T14:35:10","date_gmt":"2025-12-31T14:35:10","guid":{"rendered":"https:\/\/www.europesays.com\/de\/682982\/"},"modified":"2025-12-31T14:35:10","modified_gmt":"2025-12-31T14:35:10","slug":"so-fahren-bahnen-und-busse-an-silvester-und-neujahr-in-berlin","status":"publish","type":"post","link":"https:\/\/www.europesays.com\/de\/682982\/","title":{"rendered":"So fahren Bahnen und Busse an Silvester und Neujahr in Berlin"},"content":{"rendered":"<p>Auch die <b>U-Bahnen<\/b> fahren in der Silvesternacht durch. Bis etwa 17 Uhr sind die Linien, mit Ausnahme der U4, im 5-Minuten-Takt unterwegs, danach alle 10 Minuten, wie die BVG informiert. Die <b>U9<\/b> f\u00e4hrt aufgrund von Sch\u00e4den nach einem Brand weiterhin nicht <b>zwischen S+U Bundesplatz und S+U Rathaus Steglitz<\/b>.<\/p>\n<p>An zentralen Stationen zwischen Hauptbahnhof und Alexanderplatz kann es im Verlauf des Silvesterabends zu Schlie\u00dfungen einzelner Zug\u00e4nge bzw. von ganzen Bahnh\u00f6fen kommen, so die VIZ. Der <b>Zugverkehr der<\/b> <b>U5<\/b> bleibt \u2013 soweit m\u00f6glich \u2013 aufrechterhalten, Z\u00fcge fahren dann ohne Halt durch die jeweiligen Bahnh\u00f6fe. Sp\u00e4testens ab 22 Uhr bis etwa 0:30 Uhr ist die U5 ausschlie\u00dflich zwischen Alexanderplatz und H\u00f6now unterwegs.<\/p>\n<p>Ab dem 2. Januar verkehren die S-Bahnen nach dem Freitagsfahrplan. Auf einigen Linien gilt der Ferienfahrplan.<\/p>\n","protected":false},"excerpt":{"rendered":"Auch die U-Bahnen fahren in der Silvesternacht durch. Bis etwa 17 Uhr sind die Linien, mit Ausnahme der&hellip;\n","protected":false},"author":2,"featured_media":682983,"comment_status":"","ping_status":"","sticky":false,"template":"","format":"standard","meta":{"footnotes":"","_share_on_mastodon":"0"},"categories":[1825],"tags":[296,29,30,136449,138297,140715,134296,134293],"class_list":["post-682982","post","type-post","status-publish","format-standard","has-post-thumbnail","category-berlin","tag-berlin","tag-deutschland","tag-germany","tag-rbb24bvg","tag-rbb24s-bahn","tag-rbb24silvester","tag-rbb24tagesschau","tag-rbb24verkehr"],"share_on_mastodon":{"url":"https:\/\/pubeurope.com\/@de\/115814683385924474","error":""},"_links":{"self":[{"href":"https:\/\/www.europesays.com\/de\/wp-json\/wp\/v2\/posts\/682982","targetHints":{"allow":["GET"]}}],"collection":[{"href":"https:\/\/www.europesays.com\/de\/wp-json\/wp\/v2\/posts"}],"about":[{"href":"https:\/\/www.europesays.com\/de\/wp-json\/wp\/v2\/types\/post"}],"author":[{"embeddable":true,"href":"https:\/\/www.europesays.com\/de\/wp-json\/wp\/v2\/users\/2"}],"replies":[{"embeddable":true,"href":"https:\/\/www.europesays.com\/de\/wp-json\/wp\/v2\/comments?post=682982"}],"version-history":[{"count":0,"href":"https:\/\/www.europesays.com\/de\/wp-json\/wp\/v2\/posts\/682982\/revisions"}],"wp:featuredmedia":[{"embeddable":true,"href":"https:\/\/www.europesays.com\/de\/wp-json\/wp\/v2\/media\/682983"}],"wp:attachment":[{"href":"https:\/\/www.europesays.com\/de\/wp-json\/wp\/v2\/media?parent=682982"}],"wp:term":[{"taxonomy":"category","embeddable":true,"href":"https:\/\/www.europesays.com\/de\/wp-json\/wp\/v2\/categories?post=682982"},{"taxonomy":"post_tag","embeddable":true,"href":"https:\/\/www.europesays.com\/de\/wp-json\/wp\/v2\/tags?post=682982"}],"curies":[{"name":"wp","href":"https:\/\/api.w.org\/{rel}","templated":true}]}}