{"id":683641,"date":"2025-12-31T20:43:12","date_gmt":"2025-12-31T20:43:12","guid":{"rendered":"https:\/\/www.europesays.com\/de\/683641\/"},"modified":"2025-12-31T20:43:12","modified_gmt":"2025-12-31T20:43:12","slug":"gueterzug-waggon-entgleist-folgen-fuer-bahnverkehr-nach-italien","status":"publish","type":"post","link":"https:\/\/www.europesays.com\/de\/683641\/","title":{"rendered":"G\u00fcterzug-Waggon entgleist: Folgen f\u00fcr Bahnverkehr nach Italien"},"content":{"rendered":"<p>Wegen eines entgleisten G\u00fcterzug-Waggons kommt es im Bahnverkehr bei Rosenheim derzeit zu Einschr\u00e4nkungen. Wie ein Sprecher der Bundespolizei auf BR-Anfrage sagte, ist am Silvestertag aus noch ungekl\u00e4rter Ursache das Drehgestell des Waggons aus dem Gleis gesprungen. Der in Richtung Kiefersfelden fahrende Zug fuhr mehrere Kilometer weit mit dem entgleisten Wagen, bis der Schaden bemerkt wurde.<\/p>\n<p>Ausf\u00e4lle bei Fernverkehrsz\u00fcgen nach \u00d6sterreich und Italien<\/p>\n<p>Das Drehgestell des Waggons ragt ins Nachbargleis, sodass die Strecke derzeit in beide Richtungen nicht befahrbar ist. &#8222;Seit dem fr\u00fchen Mittwochnachmittag ist die Bahnstrecke Rosenheim \u2013 Kufstein im Abschnitt zwischen Rosenheim S\u00fcd und Raubling gesperrt&#8220;, sagte ein Bahnsprecher.<\/p>\n<p>Fernz\u00fcge von M\u00fcnchen nach \u00d6sterreich und Italien, etwa nach Innsbruck, Bozen, Verona und Bologna, fielen aus. Auch in die entgegengesetzte Richtung konnten keine Fernverkehrsz\u00fcge fahren.<\/p>\n<p>Regionalverkehr nicht betroffen<\/p>\n<p>Die Verbindungen von Rosenheim in Richtung Traunstein\/Salzburg sowie nach M\u00fcnchen sind hingegen nicht betroffen. &#8222;Im Nahverkehr ist zwischen Rosenheim und Raubling ein Ersatzverkehr mit Bussen eingerichtet. Mehr Details dazu finden Sie auf der Seite der Bayerischen Regiobahn (BRB)&#8220;, sagte der Bahnsprecher. &#13;<\/p>\n<p>Die Bahn rechne damit, dass noch im Laufe des Abends ein Gleis ger\u00e4umt und wieder freigegeben werden kann. Ab morgen fr\u00fch soll der Verkehr in beide Richtungen wieder aufgenommen werden.<\/p>\n<p>Zug hatte Gefahrengut geladen<\/p>\n<p>Der G\u00fcterzug hatte leicht entz\u00fcndliches Gefahrengut geladen. Die Feuerwehr Raubling stellte fest, dass davon nichts ausgetreten ist. Insofern besteht keine Gefahr f\u00fcr die Umwelt. <\/p>\n<p>Mit Informationen von dpa<\/p>\n","protected":false},"excerpt":{"rendered":"Wegen eines entgleisten G\u00fcterzug-Waggons kommt es im Bahnverkehr bei Rosenheim derzeit zu Einschr\u00e4nkungen. Wie ein Sprecher der Bundespolizei&hellip;\n","protected":false},"author":2,"featured_media":683642,"comment_status":"","ping_status":"","sticky":false,"template":"","format":"standard","meta":{"footnotes":""},"categories":[5],"tags":[331,332,2227,3364,2030,29,30,18870,13,355,14,15,2339,1433,158615,15041,12],"class_list":{"0":"post-683641","1":"post","2":"type-post","3":"status-publish","4":"format-standard","5":"has-post-thumbnail","7":"category-nachrichten","8":"tag-aktuelle-nachrichten","9":"tag-aktuelle-news","10":"tag-bahnverkehr","11":"tag-de","12":"tag-deutsche-bahn","13":"tag-deutschland","14":"tag-germany","15":"tag-gueterzug","16":"tag-headlines","17":"tag-italien","18":"tag-nachrichten","19":"tag-news","20":"tag-oberbayern","21":"tag-oesterreich","22":"tag-raubling","23":"tag-rosenheim","24":"tag-schlagzeilen"},"share_on_mastodon":{"url":"https:\/\/pubeurope.com\/@de\/115816130589782258","error":""},"_links":{"self":[{"href":"https:\/\/www.europesays.com\/de\/wp-json\/wp\/v2\/posts\/683641","targetHints":{"allow":["GET"]}}],"collection":[{"href":"https:\/\/www.europesays.com\/de\/wp-json\/wp\/v2\/posts"}],"about":[{"href":"https:\/\/www.europesays.com\/de\/wp-json\/wp\/v2\/types\/post"}],"author":[{"embeddable":true,"href":"https:\/\/www.europesays.com\/de\/wp-json\/wp\/v2\/users\/2"}],"replies":[{"embeddable":true,"href":"https:\/\/www.europesays.com\/de\/wp-json\/wp\/v2\/comments?post=683641"}],"version-history":[{"count":0,"href":"https:\/\/www.europesays.com\/de\/wp-json\/wp\/v2\/posts\/683641\/revisions"}],"wp:featuredmedia":[{"embeddable":true,"href":"https:\/\/www.europesays.com\/de\/wp-json\/wp\/v2\/media\/683642"}],"wp:attachment":[{"href":"https:\/\/www.europesays.com\/de\/wp-json\/wp\/v2\/media?parent=683641"}],"wp:term":[{"taxonomy":"category","embeddable":true,"href":"https:\/\/www.europesays.com\/de\/wp-json\/wp\/v2\/categories?post=683641"},{"taxonomy":"post_tag","embeddable":true,"href":"https:\/\/www.europesays.com\/de\/wp-json\/wp\/v2\/tags?post=683641"}],"curies":[{"name":"wp","href":"https:\/\/api.w.org\/{rel}","templated":true}]}}