{"id":683700,"date":"2025-12-31T21:19:10","date_gmt":"2025-12-31T21:19:10","guid":{"rendered":"https:\/\/www.europesays.com\/de\/683700\/"},"modified":"2025-12-31T21:19:10","modified_gmt":"2025-12-31T21:19:10","slug":"berliner-feuerwehr-loescht-parkenden-omnibus-auf-bundesallee","status":"publish","type":"post","link":"https:\/\/www.europesays.com\/de\/683700\/","title":{"rendered":"Berliner Feuerwehr l\u00f6scht parkenden Omnibus auf Bundesallee"},"content":{"rendered":"<p>Der hintere Bereich des dreiachsigen Busses habe in Flammen gestanden, das Feuer habe aber bald gel\u00f6scht werden k\u00f6nnen, sagte der Sprecher. Verletzt wurde niemand. Die Bundesallee war w\u00e4hrend des Einsatzes an der Stelle ab der Durlacher Stra\u00dfe gesperrt. Der Bus geh\u00f6rt offensichtlich einer Eventfirma und konnte f\u00fcr Veranstaltungen gemietet werden. Wie das Feuer entstand ist bisher nicht bekannt, ein Brandkommissariat der Polizei ermittelt nun.<\/p>\n","protected":false},"excerpt":{"rendered":"Der hintere Bereich des dreiachsigen Busses habe in Flammen gestanden, das Feuer habe aber bald gel\u00f6scht werden k\u00f6nnen,&hellip;\n","protected":false},"author":2,"featured_media":683701,"comment_status":"","ping_status":"","sticky":false,"template":"","format":"standard","meta":{"footnotes":"","_share_on_mastodon":"0"},"categories":[1825],"tags":[296,29,30,140715,134296],"class_list":["post-683700","post","type-post","status-publish","format-standard","has-post-thumbnail","category-berlin","tag-berlin","tag-deutschland","tag-germany","tag-rbb24silvester","tag-rbb24tagesschau"],"share_on_mastodon":{"url":"https:\/\/pubeurope.com\/@de\/115816272007898595","error":""},"_links":{"self":[{"href":"https:\/\/www.europesays.com\/de\/wp-json\/wp\/v2\/posts\/683700","targetHints":{"allow":["GET"]}}],"collection":[{"href":"https:\/\/www.europesays.com\/de\/wp-json\/wp\/v2\/posts"}],"about":[{"href":"https:\/\/www.europesays.com\/de\/wp-json\/wp\/v2\/types\/post"}],"author":[{"embeddable":true,"href":"https:\/\/www.europesays.com\/de\/wp-json\/wp\/v2\/users\/2"}],"replies":[{"embeddable":true,"href":"https:\/\/www.europesays.com\/de\/wp-json\/wp\/v2\/comments?post=683700"}],"version-history":[{"count":0,"href":"https:\/\/www.europesays.com\/de\/wp-json\/wp\/v2\/posts\/683700\/revisions"}],"wp:featuredmedia":[{"embeddable":true,"href":"https:\/\/www.europesays.com\/de\/wp-json\/wp\/v2\/media\/683701"}],"wp:attachment":[{"href":"https:\/\/www.europesays.com\/de\/wp-json\/wp\/v2\/media?parent=683700"}],"wp:term":[{"taxonomy":"category","embeddable":true,"href":"https:\/\/www.europesays.com\/de\/wp-json\/wp\/v2\/categories?post=683700"},{"taxonomy":"post_tag","embeddable":true,"href":"https:\/\/www.europesays.com\/de\/wp-json\/wp\/v2\/tags?post=683700"}],"curies":[{"name":"wp","href":"https:\/\/api.w.org\/{rel}","templated":true}]}}