{"id":683742,"date":"2025-12-31T21:43:22","date_gmt":"2025-12-31T21:43:22","guid":{"rendered":"https:\/\/www.europesays.com\/de\/683742\/"},"modified":"2025-12-31T21:43:22","modified_gmt":"2025-12-31T21:43:22","slug":"witzige-und-kuriose-wuensche-fuer-2026-in-moenchengladbach","status":"publish","type":"post","link":"https:\/\/www.europesays.com\/de\/683742\/","title":{"rendered":"Witzige und kuriose W\u00fcnsche f\u00fcr 2026 in M\u00f6nchengladbach"},"content":{"rendered":"<p>          Vorschau f\u00fcr M\u00f6nchengladbach        26 Gr\u00fcnde, sich auf das neue Jahr 2026 zu freuen<\/p>\n<p class=\"text-50 desktop:text-70 park-container-small px-6 mb-10 desktop:mb-14\">M\u00f6nchengladbach \u00b7 <strong data-cy=\"intro\" data-readtime-content=\"\">Die Weltlage und die Zeiten allgemein sind hart? Einerseits ja, andererseits gibt es in M\u00f6nchengladbach auch viel Sch\u00f6nes, Skurriles und Am\u00fcsantes. Unsere Redaktion nennt Beispiele f\u00fcr Freude im neuen Jahr. Nicht alles ist ganz ernst gemeint, manches gnadenlos \u00fcbertrieben \u2013 aber zum Jahreswechsel ist Leichtsinn erlaubt.<\/strong><\/p>\n<p>                        <a class=\"absolute bottom-0 inset-x-0 z-10 group\/link before:float-left after:clear-both flex justify-end items-end print:hidden\" href=\"https:\/\/rp-online.de\/imgs\/32\/2\/5\/3\/0\/9\/2\/1\/8\/1\/tok_5c7191d3c3752690b3407bd9636e97a8\/w1900_h1187_x1350_y844_ipad-7d6f69e06c815932.jpg\" title=\"Vergr\u00f6\u00dferte Ansicht\" aria-describedby=\"park-figure-\" data-enlargable=\"image\" rel=\"nofollow noopener\" target=\"_blank\"><\/p>\n<p>                            <\/a><\/p>\n<p>                <img class=\"inset-0 w-full h-full object-cover opacity-0 transition-opacity animated\" onload=\"this.style.opacity = '1';\" src=\"https:\/\/www.europesays.com\/de\/wp-content\/uploads\/2025\/12\/w2100_h1313_x1350_y844_ipad-7d6f69e06c815932.jpg\"   alt=\"Unsere Redaktion hat viele W\u00fcnsche f\u00fcr M\u00f6nchengladbachs 2026 \u2013 viele sind nicht ganz ernst gemeint.\" width=\"2700\" height=\"1688\" fetchpriority=\"high\" decoding=\"async\" data-park-image-img=\"\"\/><\/p>\n<p class=\"block font-sans text-30 text-black-almost dark:text-white-almost desktop:text-40 desktop:[.floated_&amp;]:text-30 mt-3 desktop:[.floated_&amp;]:mt-3 desktop:mt-4\" data-readtime-content=\"\">\n        Unsere Redaktion hat viele W\u00fcnsche f\u00fcr M\u00f6nchengladbachs 2026 \u2013 viele sind nicht ganz ernst gemeint.\n    <\/p>\n<p>    Foto: FOTO: INGE SCHNETTLER | GRAFIK: FERL  <\/p>\n<p>                <img class=\"absolute inset-0 w-full h-full object-cover aspect-[1\/1] opacity-0 transition-opacity animated\" onload=\"this.style.opacity = '1';\" src=\"https:\/\/www.europesays.com\/de\/wp-content\/uploads\/2025\/06\/w128_h128_x1796_y1303_DenisaRichtersAusschnitt-1013-10f33bef38b3580e.jpg\"   alt=\"Denisa Richters\" width=\"64\" height=\"64\" loading=\"lazy\" decoding=\"async\" data-park-image-img=\"\"\/><\/p>\n<p>\n      Von unserer Lokalredaktion\n          <\/p>\n","protected":false},"excerpt":{"rendered":"Vorschau f\u00fcr M\u00f6nchengladbach 26 Gr\u00fcnde, sich auf das neue Jahr 2026 zu freuen M\u00f6nchengladbach \u00b7 Die Weltlage und&hellip;\n","protected":false},"author":2,"featured_media":683743,"comment_status":"","ping_status":"","sticky":false,"template":"","format":"standard","meta":{"footnotes":"","_share_on_mastodon":"0"},"categories":[1849],"tags":[18182,242,55136,3364,29,548,663,3934,30,13,4455,14,15,1209,12],"class_list":["post-683742","post","type-post","status-publish","format-standard","has-post-thumbnail","category-moenchengladbach","tag-ogs","tag-242","tag-blitze","tag-de","tag-deutschland","tag-eu","tag-europa","tag-europe","tag-germany","tag-headlines","tag-moenchengladbach","tag-nachrichten","tag-news","tag-nordrhein-westfalen","tag-schlagzeilen"],"share_on_mastodon":{"url":"https:\/\/pubeurope.com\/@de\/115816367086070780","error":""},"_links":{"self":[{"href":"https:\/\/www.europesays.com\/de\/wp-json\/wp\/v2\/posts\/683742","targetHints":{"allow":["GET"]}}],"collection":[{"href":"https:\/\/www.europesays.com\/de\/wp-json\/wp\/v2\/posts"}],"about":[{"href":"https:\/\/www.europesays.com\/de\/wp-json\/wp\/v2\/types\/post"}],"author":[{"embeddable":true,"href":"https:\/\/www.europesays.com\/de\/wp-json\/wp\/v2\/users\/2"}],"replies":[{"embeddable":true,"href":"https:\/\/www.europesays.com\/de\/wp-json\/wp\/v2\/comments?post=683742"}],"version-history":[{"count":0,"href":"https:\/\/www.europesays.com\/de\/wp-json\/wp\/v2\/posts\/683742\/revisions"}],"wp:featuredmedia":[{"embeddable":true,"href":"https:\/\/www.europesays.com\/de\/wp-json\/wp\/v2\/media\/683743"}],"wp:attachment":[{"href":"https:\/\/www.europesays.com\/de\/wp-json\/wp\/v2\/media?parent=683742"}],"wp:term":[{"taxonomy":"category","embeddable":true,"href":"https:\/\/www.europesays.com\/de\/wp-json\/wp\/v2\/categories?post=683742"},{"taxonomy":"post_tag","embeddable":true,"href":"https:\/\/www.europesays.com\/de\/wp-json\/wp\/v2\/tags?post=683742"}],"curies":[{"name":"wp","href":"https:\/\/api.w.org\/{rel}","templated":true}]}}