{"id":683912,"date":"2025-12-31T23:23:15","date_gmt":"2025-12-31T23:23:15","guid":{"rendered":"https:\/\/www.europesays.com\/de\/683912\/"},"modified":"2025-12-31T23:23:15","modified_gmt":"2025-12-31T23:23:15","slug":"krieg-witkoff-mit-europaeern-ueber-sicherheitsgarantien-gesprochen","status":"publish","type":"post","link":"https:\/\/www.europesays.com\/de\/683912\/","title":{"rendered":"Krieg &#8211; Witkoff: Mit Europ\u00e4ern \u00fcber Sicherheitsgarantien gesprochen"},"content":{"rendered":"<p>                    <img decoding=\"async\" loading=\"lazy\" class=\"internal-image\" title=\"Steve Witkoff in einer Portraitaufnahme\" alt=\"Steve Witkoff in einer Portraitaufnahme\" src=\"https:\/\/www.europesays.com\/de\/wp-content\/uploads\/2025\/12\/craft-12721635-asset-100-1920x1080.jpg\" \/><\/p>\n<p>                  Steve Witkoff (IMAGO | Poolfoto)<\/p>\n<p>Dabei sei es unter anderem um eine St\u00e4rkung von Sicherheitsgarantien und die Entwicklung effektiver Deeskalationsmechanismen gegangen, schrieb Witkoff auf X. Das Telefonat bezeichnete er als produktiv.<\/p>\n<p>Zuvor hatte der ukrainische Pr\u00e4sident Selenskyj mitgeteilt, dass ein Treffen der nationalen Sicherheitsberater aus der &#8222;Koalition der Willigen&#8220; am 3. Januar geplant sei. Am 6. Januar solle dann ein Treffen auf der Ebene der Staatschefs folgen.\u00a0&#8211; Als &#8222;Koalition der Willigen&#8220; verstehen sich westliche L\u00e4nder, die die Ukraine auch milit\u00e4risch unterst\u00fctzen.<\/p>\n<p>Diese Nachricht wurde am 31.12.2025 im Programm Deutschlandfunk gesendet.<\/p>\n","protected":false},"excerpt":{"rendered":"Steve Witkoff (IMAGO | Poolfoto) Dabei sei es unter anderem um eine St\u00e4rkung von Sicherheitsgarantien und die Entwicklung&hellip;\n","protected":false},"author":2,"featured_media":627931,"comment_status":"","ping_status":"","sticky":false,"template":"","format":"standard","meta":{"footnotes":""},"categories":[4012],"tags":[331,332,13,14,15,12,317],"class_list":{"0":"post-683912","1":"post","2":"type-post","3":"status-publish","4":"format-standard","5":"has-post-thumbnail","7":"category-ukraine","8":"tag-aktuelle-nachrichten","9":"tag-aktuelle-news","10":"tag-headlines","11":"tag-nachrichten","12":"tag-news","13":"tag-schlagzeilen","14":"tag-ukraine"},"share_on_mastodon":{"url":"https:\/\/pubeurope.com\/@de\/115816759549650037","error":""},"_links":{"self":[{"href":"https:\/\/www.europesays.com\/de\/wp-json\/wp\/v2\/posts\/683912","targetHints":{"allow":["GET"]}}],"collection":[{"href":"https:\/\/www.europesays.com\/de\/wp-json\/wp\/v2\/posts"}],"about":[{"href":"https:\/\/www.europesays.com\/de\/wp-json\/wp\/v2\/types\/post"}],"author":[{"embeddable":true,"href":"https:\/\/www.europesays.com\/de\/wp-json\/wp\/v2\/users\/2"}],"replies":[{"embeddable":true,"href":"https:\/\/www.europesays.com\/de\/wp-json\/wp\/v2\/comments?post=683912"}],"version-history":[{"count":0,"href":"https:\/\/www.europesays.com\/de\/wp-json\/wp\/v2\/posts\/683912\/revisions"}],"wp:featuredmedia":[{"embeddable":true,"href":"https:\/\/www.europesays.com\/de\/wp-json\/wp\/v2\/media\/627931"}],"wp:attachment":[{"href":"https:\/\/www.europesays.com\/de\/wp-json\/wp\/v2\/media?parent=683912"}],"wp:term":[{"taxonomy":"category","embeddable":true,"href":"https:\/\/www.europesays.com\/de\/wp-json\/wp\/v2\/categories?post=683912"},{"taxonomy":"post_tag","embeddable":true,"href":"https:\/\/www.europesays.com\/de\/wp-json\/wp\/v2\/tags?post=683912"}],"curies":[{"name":"wp","href":"https:\/\/api.w.org\/{rel}","templated":true}]}}