{"id":683991,"date":"2026-01-01T00:10:12","date_gmt":"2026-01-01T00:10:12","guid":{"rendered":"https:\/\/www.europesays.com\/de\/683991\/"},"modified":"2026-01-01T00:10:12","modified_gmt":"2026-01-01T00:10:12","slug":"ueber-100-festnahmen-wegen-feuerwerksmissbrauchs-in-berlin","status":"publish","type":"post","link":"https:\/\/www.europesays.com\/de\/683991\/","title":{"rendered":"\u00dcber 100 Festnahmen wegen Feuerwerksmissbrauchs in Berlin"},"content":{"rendered":"<p>&#13;<br \/>\n            Berlin. Am Silvesterabend sind in Berlin schon vor Mitternacht mehr als 100 Menschen wegen Missbrauchs von Feuerwerk von der Polizei vorl\u00e4ufig festgenommen worden. Es gehe in den meisten F\u00e4llen um Verst\u00f6\u00dfe gegen Sprengstoffvorschriften, teilte die Polizei mit. Neun Polizisten seien meist durch Knalltraumata von B\u00f6llern leicht verletzt worden.\u00a0 <\/p>\n<p>In Gropiusstadt in Neuk\u00f6lln beschlagnahmte die Polizei eine selbstgebaute Feuerwerksanlage, f\u00fcr die mehrere Batterien von Raketen durch Z\u00fcnder miteinander verbunden waren. Fotos der Polizei zeigten die gr\u00f6\u00dfere Anlage aus mehreren Kartons und Kisten voller Raketen, von denen elektrische Kabel zu einer Z\u00fcndvorrichtung f\u00fchrten. <\/p>\n<p>            &#13;<br \/>\n              <img decoding=\"async\"   src=\"https:\/\/www.europesays.com\/de\/wp-content\/uploads\/2026\/01\/Polizisten-und-Fahrzeuge-der-Polizei-1209370.jpg\" title=\"\u00dcber 100 Festnahmen wegen Feuerwerksmissbrauchs in Berlin\" alt=\"Polizisten und Fahrzeuge der Polizei.\" class=\"img-responsive\"\/>&#13;<br \/>\n              &#13;<\/p>\n<p>Polizisten und Fahrzeuge der Polizei. &#13;<br \/>\n\t\t\t\t\t\t\t\tFoto: Britta Pedersen\/dpa<\/p>\n<p>&#13;<br \/>\n              &#13;<\/p>\n","protected":false},"excerpt":{"rendered":"&#13; Berlin. Am Silvesterabend sind in Berlin schon vor Mitternacht mehr als 100 Menschen wegen Missbrauchs von Feuerwerk&hellip;\n","protected":false},"author":2,"featured_media":683992,"comment_status":"","ping_status":"","sticky":false,"template":"","format":"standard","meta":{"footnotes":""},"categories":[1825],"tags":[296,29,30,2280,177,2281],"class_list":{"0":"post-683991","1":"post","2":"type-post","3":"status-publish","4":"format-standard","5":"has-post-thumbnail","7":"category-berlin","8":"tag-berlin","9":"tag-deutschland","10":"tag-germany","11":"tag-jahreswechsel","12":"tag-kriminalitt","13":"tag-silvester"},"share_on_mastodon":{"url":"https:\/\/pubeurope.com\/@de\/115816944692928319","error":""},"_links":{"self":[{"href":"https:\/\/www.europesays.com\/de\/wp-json\/wp\/v2\/posts\/683991","targetHints":{"allow":["GET"]}}],"collection":[{"href":"https:\/\/www.europesays.com\/de\/wp-json\/wp\/v2\/posts"}],"about":[{"href":"https:\/\/www.europesays.com\/de\/wp-json\/wp\/v2\/types\/post"}],"author":[{"embeddable":true,"href":"https:\/\/www.europesays.com\/de\/wp-json\/wp\/v2\/users\/2"}],"replies":[{"embeddable":true,"href":"https:\/\/www.europesays.com\/de\/wp-json\/wp\/v2\/comments?post=683991"}],"version-history":[{"count":0,"href":"https:\/\/www.europesays.com\/de\/wp-json\/wp\/v2\/posts\/683991\/revisions"}],"wp:featuredmedia":[{"embeddable":true,"href":"https:\/\/www.europesays.com\/de\/wp-json\/wp\/v2\/media\/683992"}],"wp:attachment":[{"href":"https:\/\/www.europesays.com\/de\/wp-json\/wp\/v2\/media?parent=683991"}],"wp:term":[{"taxonomy":"category","embeddable":true,"href":"https:\/\/www.europesays.com\/de\/wp-json\/wp\/v2\/categories?post=683991"},{"taxonomy":"post_tag","embeddable":true,"href":"https:\/\/www.europesays.com\/de\/wp-json\/wp\/v2\/tags?post=683991"}],"curies":[{"name":"wp","href":"https:\/\/api.w.org\/{rel}","templated":true}]}}