{"id":683995,"date":"2026-01-01T00:12:13","date_gmt":"2026-01-01T00:12:13","guid":{"rendered":"https:\/\/www.europesays.com\/de\/683995\/"},"modified":"2026-01-01T00:12:13","modified_gmt":"2026-01-01T00:12:13","slug":"cb-fotowettbewerb-die-community-waehlt-das-beste-siegerfoto-des-jahres","status":"publish","type":"post","link":"https:\/\/www.europesays.com\/de\/683995\/","title":{"rendered":"CB-Fotowettbewerb: Die Community w\u00e4hlt das beste Siegerfoto des Jahres"},"content":{"rendered":"<p>\t\t\t\t\t<img fetchpriority=\"high\" decoding=\"sync\" src=\"https:\/\/www.europesays.com\/de\/wp-content\/uploads\/2026\/01\/article-1280x720.4a0c1fd7.jpg\"   width=\"640\" height=\"360\" alt=\"CB-Fotowettbewerb: Die Community w\u00e4hlt das beste Siegerfoto des Jahres\" class=\"figure-img\"\/><\/p>\n<p class=\"text-p text-width\">Der monatliche Fotowettbewerb der ComputerBase-Community geht in die n\u00e4chste Runde. Im Januar 2026 werden jetzt <a href=\"https:\/\/www.computerbase.de\/forum\/threads\/monatsthema-der-cb-fotowettbewerb-januar-2026-uhren-zeitmesser.2262103\/\" target=\"_blank\" rel=\"noopener\">Aufnahmen zum Thema \u201eUhren\u201c gesucht<\/a>; Bilder k\u00f6nnen wie \u00fcblich bis zum 20. Tag des Monats eingereicht werden. Au\u00dferdem steht die <a href=\"https:\/\/www.computerbase.de\/forum\/threads\/jahresthema-der-cb-fotowettbewerb-das-bild-des-jahres-2025.2262104\/\" target=\"_blank\" rel=\"noopener\">Wahl des besten Siegerfotos des Jahres 2025<\/a> an.<\/p>\n<p>\t\t\t\tEinfach spitze<\/p>\n<p class=\"text-p text-width\">Den <a href=\"https:\/\/www.computerbase.de\/news\/audio-video-foto\/cb-fotowettbewerb-diesen-monat-werden-die-fotos-allesamt-spitze.95257\/\" title=\"CB-Fotowettbewerb: Im Dezember werden die Fotos allesamt spitze!\" target=\"_blank\" rel=\"noopener\">Fotowettbewerb im Dezember zum Thema \u201eSpitzen\u201c<\/a> hat wie schon im November Community-Mitglied K\u00a0P\u00a0K f\u00fcr sich entscheiden k\u00f6nnen, diesmal mit einer Aufnahme des begehbaren Dachbereichs der Bundeskunsthalle in Bonn. Knapp 39\u00a0Prozent der Teilnehmer an der Abstimmung gaben dem Foto eine ihrer drei Stimmen. Insgesamt wurden im Dezember 19\u00a0Aufnahmen eingereicht.<\/p>\n<p>\t<a href=\"https:\/\/www.europesays.com\/de\/wp-content\/uploads\/2026\/01\/1-1080.5c9938ca.jpg\" target=\"_blank\" data-index=\"0\" class=\"js-image-link\">\t\t\t\t<img loading=\"lazy\" decoding=\"async\" src=\"https:\/\/www.europesays.com\/de\/wp-content\/uploads\/2026\/01\/1-1080.5c9938ca.jpg\"  width=\"576\" height=\"480\" alt=\"Sieger-Aufnahme des Fotowettbewerbs im Dezember 2025\" class=\"figure-img\"\/>\t\t\t<\/a>\tSieger-Aufnahme des Fotowettbewerbs im Dezember 2025 (Bild:\u00a0Community-Mitglied K\u00a0P\u00a0K)<\/p>\n<p class=\"text-p text-width\">Die Redaktion gratuliert zum gelungenen Foto und dem ersten Platz. Wie \u00fcblich geb\u00fchrt damit einhergehend das Recht, das Thema f\u00fcr den nachfolgenden Monat zu setzen. Gesucht sind diesmal Bilder zum Thema \u201e\u201c.<\/p>\n<blockquote class=\"text-width blockquote\">\n<p class=\"text-p text-width\">Uhren (Zeitmesser) \u2013 ob drinnen oder drau\u00dfen, gro\u00df oder klein, Kirchturmuhr oder Armbanduhr, Analoguhr oder Digitaluhr, elektrische\/elektronische Uhr oder mechanische Uhr, alles ist erlaubt, Hauptsache es ist ein Ger\u00e4t zur Zeitmessung.<\/p>\n<p>Community-Mitglied K\u00a0P\u00a0K\n<\/p><\/blockquote>\n<p class=\"text-p text-width\">Damit sind alle interessierten Community-Mitglieder aufgefordert, bis zum 20.\u00a0Januar 2026 um 23:59\u00a0Uhr eine Aufnahme (JPEG oder PNG) zum Thema <a href=\"https:\/\/www.computerbase.de\/news\/audio-video-foto\/cb-fotowettbewerb-die-community-waehlt-das-beste-siegerfoto-des-jahres.95604\/mailto:cb-fotowettbewerb~~gmx.net\" target=\"_blank\" rel=\"noopener\">per E-Mail<\/a> mitsamt dem eigenen Benutzernamen im ComputerBase-Forum an Initiator <a href=\"https:\/\/www.computerbase.de\/forum\/members\/lowrider20.537112\/\" target=\"_blank\" rel=\"noopener\">lowrider20<\/a> einzusenden.<\/p>\n<p>Teilnahmebedingungen und Abstimmung<\/p>\n<p class=\"text-p text-width\">Je registriertem Community-Mitglied ist die Teilnahme mit einem eigens aufgenommenen, beliebig alten Bild erlaubt, das in noch keinem vorherigen Fotowettbewerb eingereicht oder anderweitig im ComputerBase-Forum ver\u00f6ffentlicht wurde. Aufnahmen mit dem gleichen Motiv eines bereits ver\u00f6ffentlichten Bildes aus leicht abge\u00e4nderter Perspektive sind unerw\u00fcnscht. Nicht gestattet sind \u00fcberdies Zeichnungen, gemalte oder per KI generierte Bilder sowie Renderings. Einmal eingereichte Bilder k\u00f6nnen nicht mehr ausgetauscht werden.<\/p>\n<p class=\"text-p text-width\">Nach Einsendeschluss startet eine neunt\u00e4gige Abstimmung zu allen, maximal aber den ersten 40\u00a0eingereichten Bildern, an der alle Leser mit Forum-Nutzerkonto teilnehmen d\u00fcrfen. Um die Anonymit\u00e4t der Fotografen zu wahren, werden die Fotos auf maximal 3.840\u00a0Pixel in H\u00f6he und Breite verkleinert und die EXIF-Daten entfernt. Der zum Ende des Monats feststehende Gewinner darf erneut \u00fcber das Monatsthema der n\u00e4chsten Runde entscheiden. Die Redaktion w\u00fcnscht allen Teilnehmern viel Erfolg!<\/p>\n<p>Die Wahl des Bild des Jahres 2025<\/p>\n<p class=\"text-p text-width\">Zus\u00e4tzlich steht direkt im Anschluss an die Wahl des Siegerfotos im Dezember 2025 jetzt die <a href=\"https:\/\/www.computerbase.de\/forum\/threads\/jahresthema-der-cb-fotowettbewerb-das-bild-des-jahres-2025.2262104\/\" target=\"_blank\" rel=\"noopener\">Umfrage zur besten Sieger\u00ad\u00adaufnahme des Jahres<\/a> an. Alle Community-Mitglieder k\u00f6nnen bis zum 15.\u00a0Januar 2025 zwischen den zw\u00f6lf Fotos, die im Laufe des Jahres gewonnen haben, ihren Favoriten w\u00e4hlen. Ber\u00fccksichtigt werden sollten dabei allerdings nicht nur die Aufnahmen als solche, sondern auch wie passend das jeweilige Monatsthema eurer Meinung nach getroffen wurde.<\/p>\n","protected":false},"excerpt":{"rendered":"Der monatliche Fotowettbewerb der ComputerBase-Community geht in die n\u00e4chste Runde. Im Januar 2026 werden jetzt Aufnahmen zum Thema&hellip;\n","protected":false},"author":2,"featured_media":683996,"comment_status":"","ping_status":"","sticky":false,"template":"","format":"standard","meta":{"footnotes":""},"categories":[1775],"tags":[1793,29,214,30,1794,215],"class_list":{"0":"post-683995","1":"post","2":"type-post","3":"status-publish","4":"format-standard","5":"has-post-thumbnail","7":"category-kunst-und-design","8":"tag-art-and-design","9":"tag-deutschland","10":"tag-entertainment","11":"tag-germany","12":"tag-kunst-und-design","13":"tag-unterhaltung"},"share_on_mastodon":{"url":"https:\/\/pubeurope.com\/@de\/115816952239171890","error":""},"_links":{"self":[{"href":"https:\/\/www.europesays.com\/de\/wp-json\/wp\/v2\/posts\/683995","targetHints":{"allow":["GET"]}}],"collection":[{"href":"https:\/\/www.europesays.com\/de\/wp-json\/wp\/v2\/posts"}],"about":[{"href":"https:\/\/www.europesays.com\/de\/wp-json\/wp\/v2\/types\/post"}],"author":[{"embeddable":true,"href":"https:\/\/www.europesays.com\/de\/wp-json\/wp\/v2\/users\/2"}],"replies":[{"embeddable":true,"href":"https:\/\/www.europesays.com\/de\/wp-json\/wp\/v2\/comments?post=683995"}],"version-history":[{"count":0,"href":"https:\/\/www.europesays.com\/de\/wp-json\/wp\/v2\/posts\/683995\/revisions"}],"wp:featuredmedia":[{"embeddable":true,"href":"https:\/\/www.europesays.com\/de\/wp-json\/wp\/v2\/media\/683996"}],"wp:attachment":[{"href":"https:\/\/www.europesays.com\/de\/wp-json\/wp\/v2\/media?parent=683995"}],"wp:term":[{"taxonomy":"category","embeddable":true,"href":"https:\/\/www.europesays.com\/de\/wp-json\/wp\/v2\/categories?post=683995"},{"taxonomy":"post_tag","embeddable":true,"href":"https:\/\/www.europesays.com\/de\/wp-json\/wp\/v2\/tags?post=683995"}],"curies":[{"name":"wp","href":"https:\/\/api.w.org\/{rel}","templated":true}]}}