{"id":684358,"date":"2026-01-01T03:57:28","date_gmt":"2026-01-01T03:57:28","guid":{"rendered":"https:\/\/www.europesays.com\/de\/684358\/"},"modified":"2026-01-01T03:57:28","modified_gmt":"2026-01-01T03:57:28","slug":"in-der-nacht-gegen-320-uhr-wurde-die-feuerwehr-gelsenkirchen-zu-einem-gemeldeten-br","status":"publish","type":"post","link":"https:\/\/www.europesays.com\/de\/684358\/","title":{"rendered":"In der Nacht gegen 3:20 Uhr wurde die Feuerwehr Gelsenkirchen zu einem gemeldeten Br"},"content":{"rendered":"<p>&#13;<br \/>\n\t&#13;<br \/>\n\t\t<a href=\"https:\/\/www.ad-hoc-news.de\/themen\/Feuerwehr\" class=\"keywords\" style=\"color:#9e0f15;\" target=\"_blank\" rel=\"noopener\">Feuerwehr<\/a>, <a href=\"https:\/\/www.ad-hoc-news.de\/themen\/Brand\" class=\"keywords\" style=\"color:#9e0f15;\" target=\"_blank\" rel=\"noopener\">Brand<\/a>\t\t&#13;<br \/>\n\t\t31.12.2025 &#8211; 06:31:48&#13;<br \/>\n\t&#13;<\/p>\n<p class=\"standfirst\">FW-GE: Brand in einem Restaurant. Beim Eintreffen drang dichter Rauch aus dem Erdgeschoss eines mehrgeschossigen Geb\u00e4udes. Die Bewohner der angrenzenden Geb\u00e4ude wurden vorsorglich aus ihren Wohnungen gef\u00fchrt. Aufgrund der niedrigen Temperaturen stellte die Bogestra einen Bus als Aufenthaltsm\u00f6glichkeit bereit. Verletzt wurde niemand. Die Feuerwehr verschaffte sich \u00fcber Fenster Zugang zum Restaurant und zur K\u00fcche. Aufgrund der Gr\u00f6\u00dfe des Geb\u00e4udes kamen mehrere Trupps unter Atemschutz zum Einsatz. Die Brandherde wurden mit zwei Strahlrohren gel\u00f6scht, anschlie\u00dfend wurde das Geb\u00e4ude mithilfe eines Hochdruckl\u00fcfters entraucht. Neben den Wachen Altstadt, Buer und He\u00dfler waren auch die L\u00f6schz\u00fcge Altstadt und \u00dcckendorf der Freiwilligen Feuerwehr beteiligt. Nach Abschluss der Nachl\u00f6scharbeiten und einer finalen Kontrolle wurde die Einsatzstelle zur Ermittlung der Brandursache an die Polizei \u00fcbergeben. Insgesamt waren rund 37 Einsatzkr\u00e4fte im Einsatz.<\/p>\n<p>&#13;<br \/>\n\t\t&#13;<br \/>\n\t&#13;<br \/>\n\t&#13;<\/p>\n<p>R\u00fcckfragen bitte an:<\/p>\n<p>Feuerwehr Gelsenkirchen<br \/>Martin Wieschen<br \/>E-Mail: <a href=\"https:\/\/www.ad-hoc-news.de\/polizeimeldungen\/gelsenkirchen-in-der-nacht-gegen-3-20-uhr-wurde-die-feuerwehr\/mailto: martin.wieschen@gelsenkirchen.de\" target=\"_blank\" rel=\"noopener\"> martin.wieschen@gelsenkirchen.de<\/a><br \/><a target=\"_blank\" rel=\"noopener\" href=\"http:\/\/www.feuerwehr-gelsenkirchen.de\">http:\/\/www.feuerwehr-gelsenkirchen.de<\/a><\/p>\n<p class=\"origin\">Original-Content von: Feuerwehr Gelsenkirchen \u00fcbermittelt durch news aktuell<\/p>\n<p>http:\/\/ots.de\/5e6c0e<\/p>\n<p>\t\t\t\t\t&#13;<\/p>\n","protected":false},"excerpt":{"rendered":"&#13; &#13; Feuerwehr, Brand &#13; 31.12.2025 &#8211; 06:31:48&#13; &#13; FW-GE: Brand in einem Restaurant. Beim Eintreffen drang dichter&hellip;\n","protected":false},"author":2,"featured_media":684359,"comment_status":"","ping_status":"","sticky":false,"template":"","format":"standard","meta":{"footnotes":""},"categories":[1834],"tags":[2919,3364,29,3688,985,30,1209],"class_list":{"0":"post-684358","1":"post","2":"type-post","3":"status-publish","4":"format-standard","5":"has-post-thumbnail","7":"category-essen","8":"tag-brand","9":"tag-de","10":"tag-deutschland","11":"tag-essen","12":"tag-feuerwehr","13":"tag-germany","14":"tag-nordrhein-westfalen"},"share_on_mastodon":{"url":"https:\/\/pubeurope.com\/@de\/115817836944403283","error":""},"_links":{"self":[{"href":"https:\/\/www.europesays.com\/de\/wp-json\/wp\/v2\/posts\/684358","targetHints":{"allow":["GET"]}}],"collection":[{"href":"https:\/\/www.europesays.com\/de\/wp-json\/wp\/v2\/posts"}],"about":[{"href":"https:\/\/www.europesays.com\/de\/wp-json\/wp\/v2\/types\/post"}],"author":[{"embeddable":true,"href":"https:\/\/www.europesays.com\/de\/wp-json\/wp\/v2\/users\/2"}],"replies":[{"embeddable":true,"href":"https:\/\/www.europesays.com\/de\/wp-json\/wp\/v2\/comments?post=684358"}],"version-history":[{"count":0,"href":"https:\/\/www.europesays.com\/de\/wp-json\/wp\/v2\/posts\/684358\/revisions"}],"wp:featuredmedia":[{"embeddable":true,"href":"https:\/\/www.europesays.com\/de\/wp-json\/wp\/v2\/media\/684359"}],"wp:attachment":[{"href":"https:\/\/www.europesays.com\/de\/wp-json\/wp\/v2\/media?parent=684358"}],"wp:term":[{"taxonomy":"category","embeddable":true,"href":"https:\/\/www.europesays.com\/de\/wp-json\/wp\/v2\/categories?post=684358"},{"taxonomy":"post_tag","embeddable":true,"href":"https:\/\/www.europesays.com\/de\/wp-json\/wp\/v2\/tags?post=684358"}],"curies":[{"name":"wp","href":"https:\/\/api.w.org\/{rel}","templated":true}]}}