{"id":684521,"date":"2026-01-01T05:37:33","date_gmt":"2026-01-01T05:37:33","guid":{"rendered":"https:\/\/www.europesays.com\/de\/684521\/"},"modified":"2026-01-01T05:37:33","modified_gmt":"2026-01-01T05:37:33","slug":"rot-gruen-fordert-bund-laender-gruppe-zur-pruefung-der-afd","status":"publish","type":"post","link":"https:\/\/www.europesays.com\/de\/684521\/","title":{"rendered":"Rot-Gr\u00fcn fordert Bund-L\u00e4nder-Gruppe zur Pr\u00fcfung der AfD"},"content":{"rendered":"<p>&#13;<br \/>\n            Hamburg. Hamburgs rot-gr\u00fcne Koalition will den Weg hin zu einem m\u00f6glichen AfD-Verbotsverfahren ebnen. So soll sich der Senat f\u00fcr die Einrichtung einer Bund-L\u00e4nder-Arbeitsgruppe unter Federf\u00fchrung des Bundes einsetzen, wenn das Verwaltungsgericht K\u00f6ln im Eilverfahren die Einstufung der AfD als gesichert rechtsextrem materiell best\u00e4tigt, hei\u00dft es in einem gemeinsamen Antrag von SPD und Gr\u00fcnen. <\/p>\n<p>Die Gruppe soll dann Belege f\u00fcr ein Feststellungsverfahren vor dem Bundesverfassungsgericht zusammentragen und auf deren juristische Tragf\u00e4higkeit pr\u00fcfen. <\/p>\n<p>Lesen Sie auch<\/p>\n<p>  &#13;<\/p>\n<p>          &#13;<br \/>\n            <a href=\"https:\/\/www.tageblatt.de\/Nachrichten\/Schwarz-Rot-vor-einem-Schicksalsjahr-710347.html\" target=\"_blank\" rel=\"noopener\">&#13;<br \/>\n              <img decoding=\"async\" class=\"img-responsive\"   src=\"https:\/\/www.europesays.com\/de\/wp-content\/uploads\/2026\/01\/Wohin-geht-es-fuer-die-Koalitionaere-im-neuen-Jahr-1207679m.jpg\" loading=\"lazy\" title=\"Schwarz-Rot vor einem Schicksalsjahr\" alt=\"Wohin geht es f\u00fcr die Koalition\u00e4re im neuen Jahr?\" style=\"object-position:50.02442598925256334% 50.086880973066897127%;\"\/>&#13;<br \/>\n            <\/a>&#13;<\/p>\n<p>    &#13;<\/p>\n<p>           Bund-L\u00e4nder-Arbeitsgruppe soll Ergebnisse zusammentragen <\/p>\n<p>Sollte die Bund-L\u00e4nder-Arbeitsgruppe dann in Zusammenarbeit mit den Sicherheitsbeh\u00f6rden und externer wissenschaftlicher Expertise zu dem Ergebnis gelangen, dass das Vorliegen der Voraussetzungen tragf\u00e4hig begr\u00fcndet werden kann, solle sich der Senat auf Bundesebene f\u00fcr die Einleitung eines Verfahrens einsetzen. <\/p>\n<p>Konkret gehe es dann um die Feststellung der Verfassungswidrigkeit der AfD, einzelner Landesverb\u00e4nde sowie den Ausschluss von der staatlichen Finanzierung. \u00dcber den rot-gr\u00fcnen Antrag soll die B\u00fcrgerschaft am 14. Januar entscheiden. <\/p>\n<p>Lesen Sie auch<\/p>\n<p>  &#13;<\/p>\n<p>          &#13;<br \/>\n            <a href=\"https:\/\/www.tageblatt.de\/Nachrichten\/Umfrage-Mehrheit-rechnet-mit-einem-AfD-Ministerpraesidenten-709999.html\" target=\"_blank\" rel=\"noopener\">&#13;<br \/>\n              <img decoding=\"async\" class=\"img-responsive\"   src=\"https:\/\/www.europesays.com\/de\/wp-content\/uploads\/2026\/01\/In-Sachsen-Anhalt-und-Mecklenburg-Vorpommern-liegt-die-AfD-1206417m.jpg\" loading=\"lazy\" title=\"Umfrage: Mehrheit rechnet mit einem AfD-Ministerpr\u00e4sidenten\" alt=\"In Sachsen-Anhalt und Mecklenburg-Vorpommern liegt die AfD in den Umfragen vor den Landtagswahlen weit vorn. (Symbolbild)\" style=\"object-position:61.4990234375% 50%;\"\/>&#13;<br \/>\n            <\/a>&#13;<\/p>\n<p>    &#13;<\/p>\n<p>\u201eHamburg ist eine weltoffene und solidarische Stadt\u201c, hei\u00dft es in dem Antrag. Das habe sich eindrucksvoll gezeigt, als nach dem geheimen Treffen Rechtsradikaler am 25. November 2023 in Potsdam Anfang 2024 mehr als 180.000 Hamburgerinnen und Hamburger auf die Stra\u00dfe gegangen seien &#8211; \u201edie gr\u00f6\u00dfte Demonstration unserer Stadtgeschichte \u2013 ein unmissverst\u00e4ndliches Signal gegen Hass, Hetze und die AfD\u201c. <\/p>\n<p>Kienscherf: Im Zweifel auch ein Parteiverbotsverfahren <\/p>\n<p>SPD-Fraktionschef Dirk Kienscherf betonte: \u201eAngesichts unserer historischen Verantwortung und der eindeutigen Belege ist es notwendig, die Instrumente der wehrhaften Demokratie sorgf\u00e4ltig, aber entschlossen zu pr\u00fcfen.\u201c  <\/p>\n<p>Lesen Sie auch<\/p>\n<p>  &#13;<\/p>\n<p>          &#13;<br \/>\n            <a href=\"https:\/\/www.tageblatt.de\/Nachrichten\/Guenther-warnt-vor-Skandalisierung-durch-soziale-Medien-709993.html\" target=\"_blank\" rel=\"noopener\">&#13;<br \/>\n              <img decoding=\"async\" class=\"img-responsive\"   src=\"https:\/\/www.europesays.com\/de\/wp-content\/uploads\/2026\/01\/Daniel-Guenther-kritisiert-Skandalisierungen-in-Sozialen-1206335m.jpg\" loading=\"lazy\" title=\"G\u00fcnther warnt vor Skandalisierung durch soziale Medien\" alt=\"Daniel G\u00fcnther kritisiert Skandalisierungen in Sozialen Medien. \" style=\"object-position:43.65234375% 40.052128583840143961%;\"\/>&#13;<br \/>\n            <\/a>&#13;<\/p>\n<p>    &#13;<\/p>\n<p>Demokratische Institutionen d\u00fcrften nicht von denen missbraucht werden, die sie offen verachteten, um die freiheitliche Demokratie zu schw\u00e4chen und letztlich abzuschaffen. \u201eDazu kann und muss im Zweifel auch ein Parteiverbotsverfahren auf Bundesebene geh\u00f6ren.\u201c <\/p>\n<p>\u201eDie AfD ist keine normale Partei, sondern eine wachsende Bedrohung f\u00fcr unsere Demokratie\u201c, sagte die Gr\u00fcnen-Fraktionsvorsitzende Sina Imhof.  <\/p>\n<p>Im Kampf gegen die AfD gelte es, alle zur Verf\u00fcgung stehenden Mittel ins Auge zu fassen. Ein Verbotsfahren ist eines der sch\u00e4rfsten Instrumente, das der deutsche Rechtsstaat bereithalte. \u201eEs darf daher nur auf Basis einer l\u00fcckenlosen, rechtssicheren und sorgf\u00e4ltigen Pr\u00fcfung eingesetzt werden.\u201c <\/p>\n<p>Lesen Sie auch<\/p>\n<p>  &#13;<\/p>\n<p>          &#13;<br \/>\n            <a href=\"https:\/\/www.tageblatt.de\/Nachrichten\/Otte-Angezogene-Handbremse-muss-ab-2026-ein-Ende-haben-709991.html\" target=\"_blank\" rel=\"noopener\">&#13;<br \/>\n              <img decoding=\"async\" class=\"img-responsive\"   src=\"https:\/\/www.europesays.com\/de\/wp-content\/uploads\/2026\/01\/Wehrbeauftragter-Henning-Otte-1206329m.jpg\" loading=\"lazy\" title=\"Otte: Angezogene Handbremse muss ab 2026 ein Ende haben\" alt=\"Wehrbeauftragter Henning Otte\"\/>&#13;<br \/>\n            <\/a>&#13;<\/p>\n<p>    &#13;<\/p>\n<p> Mehrere AfD-Landesverb\u00e4nde als gesichert rechtsextrem eingestuft  <\/p>\n<p>Mehrere Landesverb\u00e4nde der AfD sind bereits von den jeweiligen Landesverfassungsschutz\u00e4mtern als gesichert rechtsextrem eingestuft worden. Auch das Bundesamt f\u00fcr Verfassungsschutz kommt in seinem Gutachten zu der Bewertung, die Bundespartei als gesichert rechtsextrem einzuordnen.  <\/p>\n<p>Diese Einstufung ruht jedoch derzeit aufgrund einer Stillhaltezusage des Verfassungsschutzes im Zusammenhang mit dem laufenden Verfahren vor dem Verwaltungsgericht K\u00f6ln. <\/p>\n<p>Zuletzt hatten in Hamburg mehrfach mehrere Tausend Menschen f\u00fcr eine generelle \u00dcberpr\u00fcfung rechtsextremer Parteien durch das Bundesverfassungsgericht demonstriert. Zu der Veranstaltung hatte die Initiative \u201ePr\u00fcf\u201c (Pr\u00fcfung rettet \u00fcbrigens Freiheit) des Satirikers und fr\u00fcheren EU-Abgeordnete Nico Semsrott aufgerufen. <\/p>\n<p>Die Veranstalter sprachen von 5.700 Teilnehmenden, wie bei der bundesweiten Auftaktveranstaltung am 9. November in der Hansestadt. Die Polizei z\u00e4hlte nach eigenen Angaben rund 4.500 Demonstranten. Langfristig will die Initiative in allen Landeshauptst\u00e4dten jeweils am zweiten Samstag im Monat demonstrieren. <\/p>\n","protected":false},"excerpt":{"rendered":"&#13; Hamburg. Hamburgs rot-gr\u00fcne Koalition will den Weg hin zu einem m\u00f6glichen AfD-Verbotsverfahren ebnen. So soll sich der&hellip;\n","protected":false},"author":2,"featured_media":684522,"comment_status":"","ping_status":"","sticky":false,"template":"","format":"standard","meta":{"footnotes":""},"categories":[1826],"tags":[186,73225,29,1549,30,692,440,2403],"class_list":{"0":"post-684521","1":"post","2":"type-post","3":"status-publish","4":"format-standard","5":"has-post-thumbnail","7":"category-hamburg","8":"tag-afd","9":"tag-brgerschaft","10":"tag-deutschland","11":"tag-extremismus","12":"tag-germany","13":"tag-hamburg","14":"tag-norddeutschland","15":"tag-partei"},"share_on_mastodon":{"url":"https:\/\/pubeurope.com\/@de\/115818230542910112","error":""},"_links":{"self":[{"href":"https:\/\/www.europesays.com\/de\/wp-json\/wp\/v2\/posts\/684521","targetHints":{"allow":["GET"]}}],"collection":[{"href":"https:\/\/www.europesays.com\/de\/wp-json\/wp\/v2\/posts"}],"about":[{"href":"https:\/\/www.europesays.com\/de\/wp-json\/wp\/v2\/types\/post"}],"author":[{"embeddable":true,"href":"https:\/\/www.europesays.com\/de\/wp-json\/wp\/v2\/users\/2"}],"replies":[{"embeddable":true,"href":"https:\/\/www.europesays.com\/de\/wp-json\/wp\/v2\/comments?post=684521"}],"version-history":[{"count":0,"href":"https:\/\/www.europesays.com\/de\/wp-json\/wp\/v2\/posts\/684521\/revisions"}],"wp:featuredmedia":[{"embeddable":true,"href":"https:\/\/www.europesays.com\/de\/wp-json\/wp\/v2\/media\/684522"}],"wp:attachment":[{"href":"https:\/\/www.europesays.com\/de\/wp-json\/wp\/v2\/media?parent=684521"}],"wp:term":[{"taxonomy":"category","embeddable":true,"href":"https:\/\/www.europesays.com\/de\/wp-json\/wp\/v2\/categories?post=684521"},{"taxonomy":"post_tag","embeddable":true,"href":"https:\/\/www.europesays.com\/de\/wp-json\/wp\/v2\/tags?post=684521"}],"curies":[{"name":"wp","href":"https:\/\/api.w.org\/{rel}","templated":true}]}}