{"id":684981,"date":"2026-01-01T10:22:13","date_gmt":"2026-01-01T10:22:13","guid":{"rendered":"https:\/\/www.europesays.com\/de\/684981\/"},"modified":"2026-01-01T10:22:13","modified_gmt":"2026-01-01T10:22:13","slug":"kinemathek-karlsruhe-2026","status":"publish","type":"post","link":"https:\/\/www.europesays.com\/de\/684981\/","title":{"rendered":"Kinemathek Karlsruhe 2026"},"content":{"rendered":"<p class=\"mb-6 text-xs md:text-m lg:text-l font-serif group-[.font-sans]:font-sans \">\n    In gedimmtem Saallicht k\u00f6nnen Besucherinnen und Besucher stricken oder h\u00e4keln, w\u00e4hrend ausgew\u00e4hlte Filme auf der Leinwand laufen.<br \/>\nDas Programm in der ersten H\u00e4lfe 2026 reicht von turbulenten Kom\u00f6dien \u00fcber zeitlose Klassiker bis hin zu ber\u00fchrenden Dramen: \u201eSusan verzweifelt gesucht\u201c, \u201eEinfach mal was Sch\u00f6nes\u201c, \u201eFr\u00fchst\u00fcck bei Tiffany\u201c, \u201eSo wie wir waren\u201c und \u201e22 Bahnen\u201c erz\u00e4hlen starke Geschichten \u00fcber Frauen, Liebe, Selbstfindung und Zusammenhalt.\n  <\/p>\n<p class=\"mb-6 text-xs md:text-m lg:text-l font-serif group-[.font-sans]:font-sans \">\n    Das MaschenKino l\u00e4dt dazu ein, Nadeln und Garn einzupacken und gemeinsam mit Freundinnen und Freunden entspannte Kinoabende mit gem\u00fctlicher Atmosph\u00e4re zu erleben \u2013 ein Treffpunkt f\u00fcr Handarbeitsfans und Filmliebhaber gleicherma\u00dfen.\n  <\/p>\n<p>    <img decoding=\"async\" src=\"https:\/\/www.europesays.com\/de\/wp-content\/uploads\/2026\/01\/kinemathek-bild-2.jpg\" alt=\"Park Circus\" title=\"Park Circus\" class=\"h-full w-full object-cover\"\/><\/p>\n<p>      Icon vergr\u00f6\u00dfern<\/p>\n<p>    Park Circus<br \/>\n    Foto: Kinemathek Karlsruhe<\/p>\n<p>        Schlie\u00dfen <\/p>\n<p>      Icon Schlie\u00dfen<\/p>\n<p>        Icon vergr\u00f6\u00dfern<\/p>\n<p>        Icon verkleinern<\/p>\n<p>      Icon Pfeil bewegen<\/p>\n<p>    Park Circus<br \/>\n    Foto: Kinemathek Karlsruhe<\/p>\n<tr>\n        17.01. 17:00 | Susan verzweifelt gesucht (dt. Fassung)<br \/>\n      <\/tr>\n<tr>\n<td class=\"px-5 align-top py-4 border-s border-gray-2-warm\">Eine turbulente 80er-Jahre-Kom\u00f6die \u00fcber zwei v\u00f6llig verschiedene Frauen, deren Leben sich durch eine Verwechslung und die geheimnisvolle Susan chaotisch miteinander verkn\u00fcpfen.<\/td>\n<\/tr>\n<tr>\n        14.02. 17:00 | Einfach mal was sch\u00f6nes<br \/>\n      <\/tr>\n<tr>\n<td class=\"px-5 align-top py-4 border-s border-gray-2-warm\">Eine Kom\u00f6die \u00fcber eine Frau, die sich trotz Chaos, Familie und Selbstzweifeln ihren Wunsch nach einem Kind erf\u00fcllen will \u2013 ganz ohne den passenden Mann.<\/td>\n<\/tr>\n<tr>\n        14.03. 17:00 | Fr\u00fchst\u00fcck bei Tiffany (dt. Fassung)<br \/>\n      <\/tr>\n<tr>\n<td class=\"px-5 align-top py-4 border-s border-gray-2-warm\">Ein Klassiker \u00fcber die exzentrische Holly Golightly, die zwischen Glanz, Freiheit und der Suche nach echter Liebe ihren Platz im Leben finden m\u00f6chte.<\/td>\n<\/tr>\n<p>    <img decoding=\"async\" src=\"https:\/\/www.europesays.com\/de\/wp-content\/uploads\/2026\/01\/kinemathek-bild-31200x675px.png\" alt=\"22 Bahnen\" title=\"22 Bahnen\" class=\"h-full w-full object-cover\"\/><\/p>\n<p>      Icon vergr\u00f6\u00dfern<\/p>\n<p>    22 Bahnen<br \/>\n    Foto: Constantin Film Verleih<\/p>\n<p>        Schlie\u00dfen <\/p>\n<p>      Icon Schlie\u00dfen<\/p>\n<p>        Icon vergr\u00f6\u00dfern<\/p>\n<p>        Icon verkleinern<\/p>\n<p>      Icon Pfeil bewegen<\/p>\n<p>    22 Bahnen<br \/>\n    Foto: Constantin Film Verleih<\/p>\n<tr>\n        18.04. 17:00 | So wie wir waren (dt. Fassung)<br \/>\n      <\/tr>\n<tr>\n<td class=\"px-5 align-top py-4 border-s border-gray-2-warm\">Ein ber\u00fchrendes Liebesdrama \u00fcber zwei gegens\u00e4tzliche Menschen, deren Beziehung an politischen \u00dcberzeugungen und den Ver\u00e4nderungen der Zeit zerbricht.<\/td>\n<\/tr>\n<tr>\n        09.05. 17:00 | 22 Bahnen<br \/>\n      <\/tr>\n<tr>\n<td class=\"px-5 align-top py-4 border-s border-gray-2-warm\">Eine Mathematikstudentin, die mit ihrer alkohols\u00fcchtigen Mutter und ihr j\u00fcngeren Schwester in einer tristen Kleinstadt lebt, h\u00e4lt mit ihrer F\u00fcrsorge und Best\u00e4ndigkeit das prek\u00e4re Familienleben zusammen. Raum f\u00fcr sich selbst findet sie nur im Schwimmbad. <\/td>\n<\/tr>\n<p class=\"mb-6 text-xs md:text-m lg:text-l font-serif group-[.font-sans]:font-sans \">\n    Kaiserpassage 6, 76133 Karlsruhe<br \/><a href=\"http:\/\/www.kinemathek-karlsruhe.de\/\" rel=\"nofollow noopener\" target=\"_blank\" class=\"underline \">www.kinemathek-karlsruhe.de<\/a>\n  <\/p>\n<p class=\"mb-6 text-xs md:text-m lg:text-l font-serif group-[.font-sans]:font-sans \">\n    Sie m\u00f6chten mehr Infos \u00fcber die Kultur in Karlsruhe?\n  <\/p>\n<p class=\"mb-6 text-xs md:text-m lg:text-l font-serif group-[.font-sans]:font-sans \">\n    <a href=\"https:\/\/www.kulturinkarlsruhe.de\/\" rel=\"nofollow noopener\" target=\"_blank\" class=\"underline \">Webseite!<\/a>\n  <\/p>\n<p class=\"mb-6 text-xs md:text-m lg:text-l font-serif group-[.font-sans]:font-sans \">\n    <a href=\"https:\/\/www.kulturinkarlsruhe.de\/newsletter\" rel=\"nofollow noopener\" target=\"_blank\" class=\"underline \">Newsletter abonnieren!<\/a>\n  <\/p>\n<p class=\"mb-6 text-xs md:text-m lg:text-l font-serif group-[.font-sans]:font-sans \">\n    <a href=\"https:\/\/www.instagram.com\/kulturinkarlsruhe\/\" rel=\"nofollow noopener\" target=\"_blank\" class=\"underline \">Instagram<\/a> und <a href=\"https:\/\/www.facebook.com\/kulturinkarlsruhe\/?locale=de_DE\" rel=\"nofollow noopener\" target=\"_blank\" class=\"underline \">facebook!<\/a>\n  <\/p>\n<ul data-module-id=\"DragDropModule\" class=\"flex flex-wrap justify-start group-[.no-bookmarks]:hidden\">\n<li class=\"mb-3 mr-3\">\n    Partner &#8211; Kultur in Karlsruhe<\/p>\n<p>      Icon Haken im Kreis gesetzt<\/p>\n<p>      Icon Plus im Kreis<\/p>\n<\/li>\n<li class=\"mb-3 mr-3\">\n    Karlsruhe<\/p>\n<p>      Icon Haken im Kreis gesetzt<\/p>\n<p>      Icon Plus im Kreis<\/p>\n<\/li>\n<li class=\"mb-3 mr-3\">\n    Tiffany<\/p>\n<p>      Icon Haken im Kreis gesetzt<\/p>\n<p>      Icon Plus im Kreis<\/p>\n<\/li>\n<\/ul>\n<p>  <script async src=\"\/\/www.instagram.com\/embed.js\"><\/script><\/p>\n","protected":false},"excerpt":{"rendered":"In gedimmtem Saallicht k\u00f6nnen Besucherinnen und Besucher stricken oder h\u00e4keln, w\u00e4hrend ausgew\u00e4hlte Filme auf der Leinwand laufen. Das&hellip;\n","protected":false},"author":2,"featured_media":684982,"comment_status":"","ping_status":"","sticky":false,"template":"","format":"standard","meta":{"footnotes":""},"categories":[1844],"tags":[1634,3364,29,158845,30,123512,152,8903,158844,158846,80,158843,158847,158848],"class_list":{"0":"post-684981","1":"post","2":"type-post","3":"status-publish","4":"format-standard","5":"has-post-thumbnail","7":"category-karlsruhe","8":"tag-baden-wuerttemberg","9":"tag-de","10":"tag-deutschland","11":"tag-filmgenuss","12":"tag-germany","13":"tag-handarbeit","14":"tag-instagram","15":"tag-karlsruhe","16":"tag-kinemathek","17":"tag-kinoformat","18":"tag-kultur","19":"tag-maschenkino","20":"tag-saallicht","21":"tag-tiffany"},"share_on_mastodon":{"url":"https:\/\/pubeurope.com\/@de\/115819351248849896","error":""},"_links":{"self":[{"href":"https:\/\/www.europesays.com\/de\/wp-json\/wp\/v2\/posts\/684981","targetHints":{"allow":["GET"]}}],"collection":[{"href":"https:\/\/www.europesays.com\/de\/wp-json\/wp\/v2\/posts"}],"about":[{"href":"https:\/\/www.europesays.com\/de\/wp-json\/wp\/v2\/types\/post"}],"author":[{"embeddable":true,"href":"https:\/\/www.europesays.com\/de\/wp-json\/wp\/v2\/users\/2"}],"replies":[{"embeddable":true,"href":"https:\/\/www.europesays.com\/de\/wp-json\/wp\/v2\/comments?post=684981"}],"version-history":[{"count":0,"href":"https:\/\/www.europesays.com\/de\/wp-json\/wp\/v2\/posts\/684981\/revisions"}],"wp:featuredmedia":[{"embeddable":true,"href":"https:\/\/www.europesays.com\/de\/wp-json\/wp\/v2\/media\/684982"}],"wp:attachment":[{"href":"https:\/\/www.europesays.com\/de\/wp-json\/wp\/v2\/media?parent=684981"}],"wp:term":[{"taxonomy":"category","embeddable":true,"href":"https:\/\/www.europesays.com\/de\/wp-json\/wp\/v2\/categories?post=684981"},{"taxonomy":"post_tag","embeddable":true,"href":"https:\/\/www.europesays.com\/de\/wp-json\/wp\/v2\/tags?post=684981"}],"curies":[{"name":"wp","href":"https:\/\/api.w.org\/{rel}","templated":true}]}}