{"id":684992,"date":"2026-01-01T10:28:13","date_gmt":"2026-01-01T10:28:13","guid":{"rendered":"https:\/\/www.europesays.com\/de\/684992\/"},"modified":"2026-01-01T10:28:13","modified_gmt":"2026-01-01T10:28:13","slug":"fw-w-feuerwehr-wuppertal-zieht-24-stunden-bilanz-zum-jahreswechsel","status":"publish","type":"post","link":"https:\/\/www.europesays.com\/de\/684992\/","title":{"rendered":"FW-W: Feuerwehr Wuppertal zieht 24 Stunden Bilanz zum Jahreswechsel"},"content":{"rendered":"<p class=\"date\">01.01.2026 \u2013 09:27<\/p>\n<p class=\"customer\">\n                        <a class=\"story-customer\" title=\"weiter zum newsroom von Feuerwehr Wuppertal\" href=\"https:\/\/www.presseportal.de\/blaulicht\/nr\/115885\" target=\"_blank\" rel=\"noopener\">Feuerwehr Wuppertal<\/a>\n                    <\/p>\n<p><a data-category=\"citylink-story-view\" data-action=\"click\" data-label=\"Citylink in Meldungsansicht\" class=\"story-city event-trigger\" href=\"https:\/\/www.presseportal.de\/regional\/Wuppertal\" title=\"News aus Wuppertal \" target=\"_blank\" rel=\"noopener\">Wuppertal<\/a> (ots)<\/p>\n<p>Erg\u00e4nzend zum Pressebricht von 2:35 Uhr, zieht die Feuerwehr Wuppertal eine Bilanz der letzten 24 Stunden.<br \/>\nUm 2:20 Uhr ereignete sich ein weiterer Brandeinsatz in einem Wohngeb\u00e4ude. An einem Hochhaus im Mastweg, stand im siebten Obergeschoss ein Balkon in Flammen. Durch die W\u00e4rmeentwicklung platzten die Fensterscheiben zu einer Wohnung. Diese wurde durch das Feuer und den Rauch in Mitleidenschaft gezogen. Die Feuerwehr konnte den Brand schnell l\u00f6schen. Menschen kamen nicht zu Schaden. Die Wohnung bleibt allerdings unbewohnbar.<br \/>\nUm 7 Uhr konnte folgende Einsatzbilanz der zur\u00fcckliegenden 24 gezogen werden:<br \/>\nDie Feuerwehr Wuppertal r\u00fcckte zu 38 Brandeins\u00e4tzen aus. Die meisten Br\u00e4nde waren kleinere Entstehungs- oder M\u00fcllbr\u00e4nde. Eine weitere Ausbreitung konnte durch die Feuerwehr verhindert werden. In 7 F\u00e4llen waren Br\u00e4nde in Wohnungen oder Geb\u00e4uden zu bek\u00e4mpfen. Es wurden keine Personen verletzt. Einige Bewohner konnten jedoch nicht in ihre Wohnungen zur\u00fcck und mussten durch die Stadt, oder bei Bekannten untergebracht werden.<br \/>\nEbenso r\u00fcckte die Feuerwehr zu 27 Hilfeleistungseins\u00e4tzen aus.<br \/>\nIm Rettungsdienst kam es zu 172 Eins\u00e4tzen. Viele Rettungsdiensteins\u00e4tze standen im direkten Zusammenhang zu den Silvester Feierlichkeiten.<br \/>\nBei drei Eins\u00e4tzen gerieten Feuerwehr und Rettungsdienst unter den Beschuss von Pyrotechnik. Rettungskr\u00e4fte wurden gl\u00fccklicherweise nicht verletzt.<br \/>\nInsgesamt war Silvester mit 237 Eins\u00e4tzen ein ereignisreicher Tag f\u00fcr die Feuerwehr und den Rettungsdienst der Stadt Wuppertal. Die Berufsfeuerwehr wurde durch viele ehrenamtliche Helfer der Freiwilligen Feuerwehren und der Hilfsorganisationen unterst\u00fctzt. Dank der Unterst\u00fctzung aller Helfer, konnten gr\u00f6\u00dfere Personen- und Sachsch\u00e4den verhindert werden.<\/p>\n<p class=\"contact-headline\">R\u00fcckfragen bitte an:<\/p>\n<p class=\"contact-text\">Feuerwehr Wuppertal<br \/>Leitstelle<br \/>Telefon: 0202-563 1111<br \/>E-Mail: <a href=\"https:\/\/www.presseportal.de\/blaulicht\/pm\/115885\/mailto: leitstelle.feuerwehr@stadt.wuppertal.de\" class=\"uri-mailto\" target=\"_blank\" rel=\"noopener\"> leitstelle.feuerwehr@stadt.wuppertal.de<\/a><br \/><a target=\"_blank\" class=\"uri-ext outbound\" rel=\"noopener\" href=\"https:\/\/www.wuppertal.de\/feuerwehr\">https:\/\/www.wuppertal.de\/feuerwehr<\/a><\/p>\n<p class=\"originator\">Original-Content von: Feuerwehr Wuppertal, \u00fcbermittelt durch news aktuell<\/p>\n","protected":false},"excerpt":{"rendered":"01.01.2026 \u2013 09:27 Feuerwehr Wuppertal Wuppertal (ots) Erg\u00e4nzend zum Pressebricht von 2:35 Uhr, zieht die Feuerwehr Wuppertal eine&hellip;\n","protected":false},"author":2,"featured_media":386213,"comment_status":"","ping_status":"","sticky":false,"template":"","format":"standard","meta":{"footnotes":""},"categories":[1840],"tags":[2919,3364,29,985,30,1209,176,178,180,179,181,1284,4418],"class_list":{"0":"post-684992","1":"post","2":"type-post","3":"status-publish","4":"format-standard","5":"has-post-thumbnail","7":"category-wuppertal","8":"tag-brand","9":"tag-de","10":"tag-deutschland","11":"tag-feuerwehr","12":"tag-germany","13":"tag-nordrhein-westfalen","14":"tag-nrw","15":"tag-presse","16":"tag-pressemeldung","17":"tag-pressemitteilung","18":"tag-pressemitteilungen","19":"tag-unfall","20":"tag-wuppertal"},"share_on_mastodon":{"url":"https:\/\/pubeurope.com\/@de\/115819374542127283","error":""},"_links":{"self":[{"href":"https:\/\/www.europesays.com\/de\/wp-json\/wp\/v2\/posts\/684992","targetHints":{"allow":["GET"]}}],"collection":[{"href":"https:\/\/www.europesays.com\/de\/wp-json\/wp\/v2\/posts"}],"about":[{"href":"https:\/\/www.europesays.com\/de\/wp-json\/wp\/v2\/types\/post"}],"author":[{"embeddable":true,"href":"https:\/\/www.europesays.com\/de\/wp-json\/wp\/v2\/users\/2"}],"replies":[{"embeddable":true,"href":"https:\/\/www.europesays.com\/de\/wp-json\/wp\/v2\/comments?post=684992"}],"version-history":[{"count":0,"href":"https:\/\/www.europesays.com\/de\/wp-json\/wp\/v2\/posts\/684992\/revisions"}],"wp:featuredmedia":[{"embeddable":true,"href":"https:\/\/www.europesays.com\/de\/wp-json\/wp\/v2\/media\/386213"}],"wp:attachment":[{"href":"https:\/\/www.europesays.com\/de\/wp-json\/wp\/v2\/media?parent=684992"}],"wp:term":[{"taxonomy":"category","embeddable":true,"href":"https:\/\/www.europesays.com\/de\/wp-json\/wp\/v2\/categories?post=684992"},{"taxonomy":"post_tag","embeddable":true,"href":"https:\/\/www.europesays.com\/de\/wp-json\/wp\/v2\/tags?post=684992"}],"curies":[{"name":"wp","href":"https:\/\/api.w.org\/{rel}","templated":true}]}}