{"id":684999,"date":"2026-01-01T10:33:14","date_gmt":"2026-01-01T10:33:14","guid":{"rendered":"https:\/\/www.europesays.com\/de\/684999\/"},"modified":"2026-01-01T10:33:14","modified_gmt":"2026-01-01T10:33:14","slug":"krieg-gouverneur-mindestens-24-tote-nach-ukrainischem-angriff-in-der-region-cherson","status":"publish","type":"post","link":"https:\/\/www.europesays.com\/de\/684999\/","title":{"rendered":"Krieg &#8211; Gouverneur: Mindestens 24 Tote nach ukrainischem Angriff in der Region Cherson"},"content":{"rendered":"<p>                    <img decoding=\"async\" loading=\"lazy\" class=\"internal-image\" title=\"Das DLF-Nachrichtenlogo: Eine Kugel in zwei unterschiedlichen Blaut\u00f6nen, die einen Schattenstreifen auf einen blauen Hintergrund wirft. Darunter steht in wei\u00dfer Schrift &quot;Die Nachrichten&quot;.\" alt=\"Das DLF-Nachrichtenlogo: Eine Kugel in zwei unterschiedlichen Blaut\u00f6nen, die einen Schattenstreifen auf einen blauen Hintergrund wirft. Darunter steht in wei\u00dfer Schrift &quot;Die Nachrichten&quot;.\" src=\"https:\/\/www.europesays.com\/de\/wp-content\/uploads\/2025\/04\/die-nachrichten-kachel-2176-zu1224-100-1920x1080.jpg\" \/><\/p>\n<p>                  Zu dieser Meldung liegt uns noch kein Bildmaterial vor. (Deutschlandradio)<\/p>\n<p>Ein Hotel und ein Caf\u00e9 im K\u00fcstenort Chorly seien getroffen worden, teilte der Gouverneur auf Telegram mit. Mindestens 50 weitere Personen seien verletzt worden. \u200dZum \u200bZeitpunkt des Angriffs h\u00e4tten Neujahrsfeierlichkeiten \u2060stattgefunden.<\/p>\n<p>Die Ukraine \u00e4u\u00dferte sich bislang nicht zu den Vorw\u00fcrfen.<\/p>\n<p>Meldungen aus dem Kriegsgebiet lassen sich nicht unabh\u00e4ngig \u00fcberpr\u00fcfen.<\/p>\n<p>Diese Nachricht wurde am 01.01.2026 im Programm Deutschlandfunk gesendet.<\/p>\n","protected":false},"excerpt":{"rendered":"Zu dieser Meldung liegt uns noch kein Bildmaterial vor. (Deutschlandradio) Ein Hotel und ein Caf\u00e9 im K\u00fcstenort Chorly&hellip;\n","protected":false},"author":2,"featured_media":5476,"comment_status":"","ping_status":"","sticky":false,"template":"","format":"standard","meta":{"footnotes":""},"categories":[4012],"tags":[331,332,13,14,15,12,317],"class_list":{"0":"post-684999","1":"post","2":"type-post","3":"status-publish","4":"format-standard","5":"has-post-thumbnail","7":"category-ukraine","8":"tag-aktuelle-nachrichten","9":"tag-aktuelle-news","10":"tag-headlines","11":"tag-nachrichten","12":"tag-news","13":"tag-schlagzeilen","14":"tag-ukraine"},"share_on_mastodon":{"url":"https:\/\/pubeurope.com\/@de\/115819394482807003","error":""},"_links":{"self":[{"href":"https:\/\/www.europesays.com\/de\/wp-json\/wp\/v2\/posts\/684999","targetHints":{"allow":["GET"]}}],"collection":[{"href":"https:\/\/www.europesays.com\/de\/wp-json\/wp\/v2\/posts"}],"about":[{"href":"https:\/\/www.europesays.com\/de\/wp-json\/wp\/v2\/types\/post"}],"author":[{"embeddable":true,"href":"https:\/\/www.europesays.com\/de\/wp-json\/wp\/v2\/users\/2"}],"replies":[{"embeddable":true,"href":"https:\/\/www.europesays.com\/de\/wp-json\/wp\/v2\/comments?post=684999"}],"version-history":[{"count":0,"href":"https:\/\/www.europesays.com\/de\/wp-json\/wp\/v2\/posts\/684999\/revisions"}],"wp:featuredmedia":[{"embeddable":true,"href":"https:\/\/www.europesays.com\/de\/wp-json\/wp\/v2\/media\/5476"}],"wp:attachment":[{"href":"https:\/\/www.europesays.com\/de\/wp-json\/wp\/v2\/media?parent=684999"}],"wp:term":[{"taxonomy":"category","embeddable":true,"href":"https:\/\/www.europesays.com\/de\/wp-json\/wp\/v2\/categories?post=684999"},{"taxonomy":"post_tag","embeddable":true,"href":"https:\/\/www.europesays.com\/de\/wp-json\/wp\/v2\/tags?post=684999"}],"curies":[{"name":"wp","href":"https:\/\/api.w.org\/{rel}","templated":true}]}}