{"id":685355,"date":"2026-01-01T14:02:21","date_gmt":"2026-01-01T14:02:21","guid":{"rendered":"https:\/\/www.europesays.com\/de\/685355\/"},"modified":"2026-01-01T14:02:21","modified_gmt":"2026-01-01T14:02:21","slug":"silvester-in-berlin-2026","status":"publish","type":"post","link":"https:\/\/www.europesays.com\/de\/685355\/","title":{"rendered":"Silvester in Berlin &#8211; 2026"},"content":{"rendered":"<p>Das Jahr 2026 hat begonnen<\/p>\n<p>            Stand: <\/p>\n<p> <img loading=\"lazy\" decoding=\"async\" src=\"https:\/\/www.europesays.com\/de\/wp-content\/uploads\/2026\/01\/size=780x439.jpg\" width=\"780\" height=\"439\" alt=\"Feuerwerk ist am 31.12.2025 bei der Silvester-Veranstaltung \u00abYeah 26\u00bb \u00fcber dem Brandenburger Tor zu sehen. (Quelle: dpa-Bildfunk\/Britta Pedersen)\" title=\"Feuerwerk ist am 31.12.2025 bei der Silvester-Veranstaltung \u00abYeah 26\u00bb \u00fcber dem Brandenburger Tor zu sehen. (Quelle: dpa-Bildfunk\/Britta Pedersen)\"\/><\/p>\n<p>        1 | 11<br \/>\n        Begleitet von einem gro\u00dfen Feuerwerk feierten Tausende Menschen am Brandenburger Tor ins Neue Jahr. Die offiziellen Silvesterparty der Stadt Berlin besuchten rund 25.000 Feiernde.<br \/>\n        dpa-Bildfunk\/Britta Pedersen<\/p>\n<p> <img loading=\"lazy\" decoding=\"async\" src=\"https:\/\/www.europesays.com\/de\/wp-content\/uploads\/2026\/01\/1767276134_215_size=780x439.jpg\" width=\"780\" height=\"439\" alt=\"Zwei Menschen z\u00fcnden am Kottbusser Tor w\u00e4hrend der Silvesternacht am 31.12.2025 Feuerwerk aus der Hand. (Quelle: dpa-Bildfunk\/Sebastian Gollnow)\" title=\"Zwei Menschen z\u00fcnden am Kottbusser Tor w\u00e4hrend der Silvesternacht am 31.12.2025 Feuerwerk aus der Hand. (Quelle: dpa-Bildfunk\/Sebastian Gollnow)\"\/><\/p>\n<p>        2 | 11<br \/>\n        Am Kottbusser Tor z\u00fcnden zwei Menschen w\u00e4hrend der Silvesternacht Feuerwerk aus der Hand. Nach B\u00f6llerexplosionen behandelte das Unfallkrankenhaus Berlin in Marzahn nach eigenen Angaben Dutzende Verletzte &#8211; vor allem Menschen mit schweren Handverletzungen.<br \/>\n        dpa-Bildfunk\/Sebastian Gollnow<\/p>\n<p> <img decoding=\"async\" src=\"https:\/\/www.europesays.com\/de\/wp-content\/uploads\/2026\/01\/1767276135_779_size=780x439.jpg\" width=\"780\" height=\"439\" alt=\"In der Silvesternacht 2025\/2026 wurden in Berlin-Moabit E-Scooter zerst\u00f6rt. (Bild: NonstopNews)\" title=\"In der Silvesternacht 2025\/2026 wurden in Berlin-Moabit E-Scooter zerst\u00f6rt. (Bild: NonstopNews)\" loading=\"lazy\"\/><\/p>\n<p>        3 | 11<br \/>\n        Nach einer vorl\u00e4ufigen Zwischenbilanz der Polizei wurden in der Silvesternacht in Berlin rund 420 Personen kurzzeitig festgenommen. In Berlin-Moabit sollen sich mehrere Hundert Menschen versammelt haben, die mehrere Scooter auf die Stra\u00dfe getragen hatten, um sie anzuz\u00fcnden.<br \/>\n        NonstopNews<\/p>\n<p> <img decoding=\"async\" src=\"https:\/\/www.europesays.com\/de\/wp-content\/uploads\/2026\/01\/1767276136_646_size=780x439.jpg\" width=\"780\" height=\"439\" alt=\"In der Silvesternacht 2025\/2026 wurde in Berlin-Moabit ein Poller herausgerissen. (Bild: NonstopNews)\" title=\"In der Silvesternacht 2025\/2026 wurde in Berlin-Moabit ein Poller herausgerissen. (Bild: NonstopNews)\" loading=\"lazy\"\/><\/p>\n<p>        4 | 11<br \/>\n        Die Stimmung soll aggressiv gewesen sein. Auch ein Poller wurde auf der Moabiter Huttenstra\u00dfe ausgerissen.<br \/>\n        NonstopNews<\/p>\n<p> <img decoding=\"async\" src=\"https:\/\/www.europesays.com\/de\/wp-content\/uploads\/2026\/01\/1767276137_973_size=780x439.jpg\" width=\"780\" height=\"439\" alt=\"Feuerwehrm\u00e4nner stehen w\u00e4hrend der Silvesternacht nach einer Brandbek\u00e4mpfung im Britzer Weg an einer Bushaltestelle. (Quelle: Picture Alliance\/Sebastian Gollnow)\" title=\"Feuerwehrm\u00e4nner stehen w\u00e4hrend der Silvesternacht nach einer Brandbek\u00e4mpfung im Britzer Weg an einer Bushaltestelle. (Quelle: Picture Alliance\/Sebastian Gollnow)\" loading=\"lazy\"\/><\/p>\n<p>        5 | 11<br \/>\n        Am Britzer Damm in Neuk\u00f6lln k\u00e4mpften 96 Einsatzkr\u00e4fte stundenlang gegen einen Kellerbrand in einem 5-geschossigen Wohngeb\u00e4ude. Die Berliner Feuerwehr ist zu insgesamt 1.830 Eins\u00e4tzen im Stadtgebiet ausger\u00fcckt.<br \/>\n        Picture Alliance\/Sebastian Gollnow<\/p>\n<p> <img decoding=\"async\" src=\"https:\/\/www.europesays.com\/de\/wp-content\/uploads\/2026\/01\/1767276137_844_size=780x439.jpg\" width=\"780\" height=\"439\" alt=\"Ein Mann z\u00fcndet w\u00e4hrend der Silvesternacht am 31.12.2025 eine Rakete. (Quelle: dpa-Bildfunk\/Sebastian Gollnow)\" title=\"Ein Mann z\u00fcndet w\u00e4hrend der Silvesternacht am 31.12.2025 eine Rakete. (Quelle: dpa-Bildfunk\/Sebastian Gollnow)\" loading=\"lazy\"\/><\/p>\n<p>        6 | 11<br \/>\n        F\u00fcr sieben Personen endete die Silvesternacht damit, dass sie einer Richterin oder einem Richter zum Erlass von Haftbefehlen vorgef\u00fchrt wurden. Ihnen werden unter anderem gef\u00e4hrliche K\u00f6rperverletzungen durch Pyrotechnik vorgeworfen.<br \/>\n        dpa-Bildfunk\/Sebastian Gollnow<\/p>\n<p> <img decoding=\"async\" src=\"https:\/\/www.europesays.com\/de\/wp-content\/uploads\/2026\/01\/1767276138_359_size=780x439.jpg\" width=\"780\" height=\"439\" alt=\"Feuerwerk explodiert w\u00e4hrend der Silvesternacht in Neuk\u00f6lln hinter Polizei. +++ dpa-Bildfunk +++\" title=\"Feuerwerk explodiert w\u00e4hrend der Silvesternacht in Neuk\u00f6lln hinter Polizei. +++ dpa-Bildfunk +++\" loading=\"lazy\"\/><\/p>\n<p>        7 | 11<br \/>\n        In der Nacht wurden 35 Beamtinnen und Beamte der Berliner Polizei verletzt &#8211; die meisten konnten ihren Dienst aber fortsetzen. Innensenatorin Iris Spranger (SPD) zog am Neujahrsmorgen dennoch eine verhalten positive Bilanz der Silvesternacht.<br \/>\n        dpa<\/p>\n<p> <img decoding=\"async\" src=\"https:\/\/www.europesays.com\/de\/wp-content\/uploads\/2026\/01\/1767276139_39_size=780x439.jpg\" width=\"780\" height=\"439\" alt=\"Picture Alliance\/ZUMA Press Wire\/Abdelrahman Alkahlout\" title=\"Picture Alliance\/ZUMA Press Wire\/Abdelrahman Alkahlout\" loading=\"lazy\"\/><\/p>\n<p>        8 | 11<br \/>\n        Auf der Oberbaumbr\u00fccke blieb es friedlich. Hunderte Menschen hatten sich versammelt, um das Feuerwerk \u00fcber der Spree zu beobachten.<br \/>\n        Picture Alliance\/ZUMA Press Wire\/Abdelrahman Alkahlout<\/p>\n<p> <img decoding=\"async\" src=\"https:\/\/www.europesays.com\/de\/wp-content\/uploads\/2026\/01\/1767276139_478_size=780x439.jpg\" width=\"780\" height=\"439\" alt=\"Teilnehmer stehen w\u00e4hrend der \u00abWeAreBerlin\u00bb Party auf der Stra\u00dfe des 17. Juni. (Quelle: dpa-Bildfunk\/Britta Pedersen)\" title=\"Teilnehmer stehen w\u00e4hrend der \u00abWeAreBerlin\u00bb Party auf der Stra\u00dfe des 17. Juni. (Quelle: dpa-Bildfunk\/Britta Pedersen)\" loading=\"lazy\"\/><\/p>\n<p>        9 | 11<br \/>\n        Und auch in Mitte feierten Tausende. Auf der Stra\u00dfe des 17. Juni tanzten bis zu 16.000 Menschen auf einer als Demonstration angemeldete Rave-Party, die das Verwaltungsgericht ab 18 Uhr genehmigte.<br \/>\n        dpa-Bildfunk\/Britta Pedersen<\/p>\n<p> <img decoding=\"async\" src=\"https:\/\/www.europesays.com\/de\/wp-content\/uploads\/2026\/01\/1767276140_754_size=780x439.jpg\" width=\"780\" height=\"439\" alt=\"Am Morgen nach Silvester s\u00e4ubern Mitarbeiter der BSR die Stra\u00dfe Unter den Linden. (Quelle: dpa-Bildfunk\/Paul Zinken)\" title=\"Am Morgen nach Silvester s\u00e4ubern Mitarbeiter der BSR die Stra\u00dfe Unter den Linden. (Quelle: dpa-Bildfunk\/Paul Zinken)\" loading=\"lazy\"\/><\/p>\n<p>        10 | 11<br \/>\n        Noch in der Nacht haben mit Mitarbeiter und Mitarbeiterinnen der BSR damit begonnen, die Stra\u00dfen vom Silvesterm\u00fcll zu reinigen. 500 Besch\u00e4ftigte mit 180 Fahrzeugen sind im Einsatz.<br \/>\n        dpa-Bildfunk\/Paul Zinken<\/p>\n<p> <img decoding=\"async\" src=\"https:\/\/www.europesays.com\/de\/wp-content\/uploads\/2026\/01\/1767276141_936_size=780x439.jpg\" width=\"780\" height=\"439\" alt=\"Picture Alliacne\/Abdelrahman Alkahlout\" title=\"Picture Alliacne\/Abdelrahman Alkahlout\" loading=\"lazy\"\/><\/p>\n<p>        11 | 11<br \/>\n        Das Jahr 2026 kann also starten.<\/p>\n<p><a href=\"https:\/\/www.rbb24.de\/thema\/bilder\/alle-bildergalerien.html\" rel=\"nofollow noopener\" target=\"_blank\">weitere Bildergalerien<\/a><\/p>\n<p>        Picture Alliacne\/Abdelrahman Alkahlout<\/p>\n","protected":false},"excerpt":{"rendered":"Das Jahr 2026 hat begonnen Stand: 1 | 11 Begleitet von einem gro\u00dfen Feuerwerk feierten Tausende Menschen am&hellip;\n","protected":false},"author":2,"featured_media":685356,"comment_status":"","ping_status":"","sticky":false,"template":"","format":"standard","meta":{"footnotes":"","_share_on_mastodon":"0"},"categories":[1825],"tags":[296,29,30,156113,140715],"class_list":["post-685355","post","type-post","status-publish","format-standard","has-post-thumbnail","category-berlin","tag-berlin","tag-deutschland","tag-germany","tag-rbb24bildergalerie","tag-rbb24silvester"],"share_on_mastodon":{"url":"https:\/\/pubeurope.com\/@de\/115820216646687989","error":""},"_links":{"self":[{"href":"https:\/\/www.europesays.com\/de\/wp-json\/wp\/v2\/posts\/685355","targetHints":{"allow":["GET"]}}],"collection":[{"href":"https:\/\/www.europesays.com\/de\/wp-json\/wp\/v2\/posts"}],"about":[{"href":"https:\/\/www.europesays.com\/de\/wp-json\/wp\/v2\/types\/post"}],"author":[{"embeddable":true,"href":"https:\/\/www.europesays.com\/de\/wp-json\/wp\/v2\/users\/2"}],"replies":[{"embeddable":true,"href":"https:\/\/www.europesays.com\/de\/wp-json\/wp\/v2\/comments?post=685355"}],"version-history":[{"count":0,"href":"https:\/\/www.europesays.com\/de\/wp-json\/wp\/v2\/posts\/685355\/revisions"}],"wp:featuredmedia":[{"embeddable":true,"href":"https:\/\/www.europesays.com\/de\/wp-json\/wp\/v2\/media\/685356"}],"wp:attachment":[{"href":"https:\/\/www.europesays.com\/de\/wp-json\/wp\/v2\/media?parent=685355"}],"wp:term":[{"taxonomy":"category","embeddable":true,"href":"https:\/\/www.europesays.com\/de\/wp-json\/wp\/v2\/categories?post=685355"},{"taxonomy":"post_tag","embeddable":true,"href":"https:\/\/www.europesays.com\/de\/wp-json\/wp\/v2\/tags?post=685355"}],"curies":[{"name":"wp","href":"https:\/\/api.w.org\/{rel}","templated":true}]}}