{"id":685711,"date":"2026-01-01T17:23:10","date_gmt":"2026-01-01T17:23:10","guid":{"rendered":"https:\/\/www.europesays.com\/de\/685711\/"},"modified":"2026-01-01T17:23:10","modified_gmt":"2026-01-01T17:23:10","slug":"verhandeln-mit-terroristen-russland-fuehrt-friedensgespraeche-um-den-krieg-fortzusetzen","status":"publish","type":"post","link":"https:\/\/www.europesays.com\/de\/685711\/","title":{"rendered":"Verhandeln mit Terroristen: Russland f\u00fchrt \u00bbFriedensgespr\u00e4che\u00ab, um den Krieg fortzusetzen"},"content":{"rendered":"<p>Es geh\u00f6rt zu den Eigenarten der von US-Pr\u00e4sident Donald Trump angestrengten Verhandlungen \u00fcber ein Ende des Kriegs gegen die Ukraine, dass das einzig greifbare Ergebnis der Gespr\u00e4che bislang im \u00f6ffentlichen Eingest\u00e4ndnis des US-Pr\u00e4sidenten besteht, dass der Krieg erst mal weitergehen m\u00fcsse. Als Trump im August nach Alaska reiste, um dort seinen russischen Amtskollegen Wladimir Putin zu treffen, forderte er noch einen sofortigen Waffenstillstand. Wenn Putin dem nicht zustimme, werde es \u00bbschwere Konsequenzen geben\u00ab, drohte er sogar. Doch kaum hatten sich die beiden unterhalten, stellte Trump klar: Das Ziel sei ein Abkommen, das den Krieg beendet, kein Waffenstillstand. So sei es \u00bbvon allen beschlossen worden\u00ab. Bis dahin werde weitergek\u00e4mpft.<\/p>\n<p>Vor dem j\u00fcngsten Treffen zwischen dem ukrainischen Pr\u00e4sidenten Wolodymyr Selenskyj und Trump in dessen Residenz Mar-a-Lago in Florida wiederholte sich das Spiel. Vor den Verhandlungen mit der ukrainischen Seite telefonierte Trump mit Putin. Als ein Journalist fragte, ob der Pr\u00e4sident dabei die Forderung nach einer Waffenruhe erhoben habe, antwortete Trump, Putin habe dem nicht zugestimmt. Und f\u00fcgte noch hinzu: \u00bbIch verstehe diese Position.\u00ab<\/p>\n<p>Zumindest das hat Putin bei den Verhandlungen also schon erreicht. Auch sieht Trump offenbar keinen Anlass mehr dazu, den Druck auf Russland zu erh\u00f6hen, indem die USA beispielsweise Tomahawk-Langstreckenraketen an die Ukraine liefern. Das schloss Trump Anfang November aus.<\/p>\n<blockquote>\n<p>Sollte auch nur ein br\u00fcchiger Frieden einkehren, w\u00fcrde der Kreml seine Position der St\u00e4rke wieder verlieren. Denn dann w\u00fcrde deutlich zu Tage treten, welchen Schaden der Krieg Russland zugef\u00fcgt hat, angefangen bei den Hunderttausenden Toten allein auf russischer Seite bis hin zu den wirtschaftlichen Problemen.<\/p>\n<\/blockquote>\n","protected":false},"excerpt":{"rendered":"Es geh\u00f6rt zu den Eigenarten der von US-Pr\u00e4sident Donald Trump angestrengten Verhandlungen \u00fcber ein Ende des Kriegs gegen&hellip;\n","protected":false},"author":2,"featured_media":685712,"comment_status":"","ping_status":"","sticky":false,"template":"","format":"standard","meta":{"footnotes":""},"categories":[3977],"tags":[331,332,106,13,14,15,307,12,317,312,4017,4018,4016,64,4019,4020,306,107],"class_list":{"0":"post-685711","1":"post","2":"type-post","3":"status-publish","4":"format-standard","5":"has-post-thumbnail","7":"category-usa","8":"tag-aktuelle-nachrichten","9":"tag-aktuelle-news","10":"tag-donald-trump","11":"tag-headlines","12":"tag-nachrichten","13":"tag-news","14":"tag-russland","15":"tag-schlagzeilen","16":"tag-ukraine","17":"tag-ukrainekrieg","18":"tag-united-states","19":"tag-united-states-of-america","20":"tag-us","21":"tag-usa","22":"tag-vereinigte-staaten","23":"tag-vereinigte-staaten-von-amerika","24":"tag-wladimir-putin","25":"tag-wolodymyr-selenskyj"},"share_on_mastodon":{"url":"https:\/\/pubeurope.com\/@de\/115821006221371197","error":""},"_links":{"self":[{"href":"https:\/\/www.europesays.com\/de\/wp-json\/wp\/v2\/posts\/685711","targetHints":{"allow":["GET"]}}],"collection":[{"href":"https:\/\/www.europesays.com\/de\/wp-json\/wp\/v2\/posts"}],"about":[{"href":"https:\/\/www.europesays.com\/de\/wp-json\/wp\/v2\/types\/post"}],"author":[{"embeddable":true,"href":"https:\/\/www.europesays.com\/de\/wp-json\/wp\/v2\/users\/2"}],"replies":[{"embeddable":true,"href":"https:\/\/www.europesays.com\/de\/wp-json\/wp\/v2\/comments?post=685711"}],"version-history":[{"count":0,"href":"https:\/\/www.europesays.com\/de\/wp-json\/wp\/v2\/posts\/685711\/revisions"}],"wp:featuredmedia":[{"embeddable":true,"href":"https:\/\/www.europesays.com\/de\/wp-json\/wp\/v2\/media\/685712"}],"wp:attachment":[{"href":"https:\/\/www.europesays.com\/de\/wp-json\/wp\/v2\/media?parent=685711"}],"wp:term":[{"taxonomy":"category","embeddable":true,"href":"https:\/\/www.europesays.com\/de\/wp-json\/wp\/v2\/categories?post=685711"},{"taxonomy":"post_tag","embeddable":true,"href":"https:\/\/www.europesays.com\/de\/wp-json\/wp\/v2\/tags?post=685711"}],"curies":[{"name":"wp","href":"https:\/\/api.w.org\/{rel}","templated":true}]}}