{"id":685951,"date":"2026-01-01T19:40:13","date_gmt":"2026-01-01T19:40:13","guid":{"rendered":"https:\/\/www.europesays.com\/de\/685951\/"},"modified":"2026-01-01T19:40:13","modified_gmt":"2026-01-01T19:40:13","slug":"offenbar-tote-bei-neuer-protestwelle-im-iran","status":"publish","type":"post","link":"https:\/\/www.europesays.com\/de\/685951\/","title":{"rendered":"Offenbar Tote bei neuer Protestwelle im Iran"},"content":{"rendered":"<p>            <img loading=\"lazy\" decoding=\"async\" class=\"ts-image\" src=\"https:\/\/www.europesays.com\/de\/wp-content\/uploads\/2026\/01\/flagge-iran-109.jpg\" alt=\"Iranische Flagge im Hintergrund Teheran\" title=\"Iranische Flagge im Hintergrund Teheran | AP\"\/><\/p>\n<p class=\"metatextline\">Stand: 01.01.2026 18:04 Uhr<\/p>\n<p class=\"article-head__shorttext\">\n        <strong>Im Iran sind erneut zahlreiche Menschen auf die Stra\u00dfen gegangen, vor allem aus l\u00e4ndlichen Regionen gibt es Berichte \u00fcber schwere Zusammenst\u00f6\u00dfe. Dabei sollen auch Menschen get\u00f6tet worden sein.<\/strong>\n    <\/p>\n<p class=\"textabsatz m-ten m-offset-one l-eight l-offset-two columns twelve\">Angesichts der schweren Wirtschaftskrise sind im Iran erneut Menschenmassen gegen die Staatsf\u00fchrung auf die Stra\u00dfe gegangen. Augenzeugen zufolge r\u00fcckten die Sicherheitskr\u00e4fte in den Metropolen mit einem massiven Aufgebot an. Vor allem in l\u00e4ndlichen Regionen ging demnach der Staat mit H\u00e4rte gegen Demonstrationen vor, hier kam es seit Mittwochabend zu schweren Zusammenst\u00f6\u00dfen.<\/p>\n<p class=\"textabsatz m-ten m-offset-one l-eight l-offset-two columns twelve\">Mindestens zwei Demonstranten wurden in Lordegan im zentralen S\u00fcden get\u00f6tet, wie die Menschenrechtsgruppe Hengaw berichtete. Auch die staatsnahe Nachrichtenagentur Fars meldete zwei Tote bei gewaltsamen Zusammenst\u00f6\u00dfen zwischen Protestteilnehmern und Sicherheitskr\u00e4ften in der Stadt.<\/p>\n<p>    Widerspr\u00fcchliche Berichte zu Todesfall<\/p>\n<p class=\"textabsatz m-ten m-offset-one l-eight l-offset-two columns twelve\">In Kuhdascht in der westlichen Provinz Lorestan sei ein 21-j\u00e4hriges Mitglied der paramilit\u00e4rischen Basidsch-Einheiten ums Leben gekommen, berichtete der staatliche Rundfunk. Die Truppe wird regelm\u00e4\u00dfig eingesetzt, um Unruhen niederzuschlagen. Der Justizchef der Provinz k\u00fcndigte an, die Verantwortlichen mit einer Politik der &#8222;Null-Toleranz&#8220; zur Rechenschaft zu ziehen.<\/p>\n<p class=\"textabsatz m-ten m-offset-one l-eight l-offset-two columns twelve\">Die Menschenrechtsgruppe Hengaw wies diese Darstellung jedoch zur\u00fcck. Bei dem jungen Mann handle es sich keineswegs um ein Mitglied der Basidsch, sondern um einen gew\u00f6hnlichen B\u00fcrger, der durch Sch\u00fcsse von Sicherheitskr\u00e4ften get\u00f6tet worden sei.\u00a0Er sei aus n\u00e4chster N\u00e4he durch einen Kopfschuss get\u00f6tet worden, berichteten die Aktivisten unter Berufung auf informierte Kreise. Die Informationen zu dem Todesfall lassen sich nicht unabh\u00e4ngig verifizieren.<\/p>\n<p class=\"textabsatz m-ten m-offset-one l-eight l-offset-two columns twelve\">Weitere schwere Ausschreitungen gab es nach Angaben von Aktivisten in den Provinzen Fars, Tschahar Mahal und Bachtiari sowie in Kermanschah. In der Stadt Marwdascht str\u00f6mten Menschenmengen auf die Stra\u00dfen, begleitet von Hupkonzerten, w\u00e4hrend paramilit\u00e4rische Einheiten mit gepanzerten Fahrzeugen und Motorradkolonnen gegen die Demonstrierenden vorgingen.<\/p>\n<p>    Peseschkian r\u00e4umt Fehler ein<\/p>\n<p class=\"textabsatz m-ten m-offset-one l-eight l-offset-two columns twelve\">Wie viele Menschen sich in dem Land mit gut 90 Millionen Einwohnern bislang an den Protesten beteiligen, ist unklar. Ausgel\u00f6st wurden die Kundgebungen durch einen pl\u00f6tzlichen Einbruch der Devisenkurse am vergangenen Sonntag. Spontan gingen vor allem H\u00e4ndler in der Hauptstadt Teheran auf die Stra\u00dfe. Inzwischen erfassen die Proteste auch andere Landesteile und Bev\u00f6lkerungsschichten. Studierendenverb\u00e4nde, die bereits fr\u00fchere Protestwellen mitgetragen hatten, riefen zu Demonstrationen auf.<\/p>\n<p class=\"textabsatz m-ten m-offset-one l-eight l-offset-two columns twelve\">Pr\u00e4sident Massud Peseschkian warnte am Donnerstag bei einem Besuch in der Provinz Tschahar Mahal und Bachtiari vor politischer Spaltung und r\u00e4umte Fehler seiner Regierung ein. Neben Wirtschaftsreformen k\u00fcndigte er an, Subventionen f\u00fcr Importeure zu streichen, die bislang von einem staatlich gef\u00f6rderten Wechselkurs profitiert hatten. Er betonte, der Gegenwert solle direkt an die Endverbraucher weitergegeben werden.<\/p>\n<p class=\"textabsatz m-ten m-offset-one l-eight l-offset-two columns twelve\">Mit ungew\u00f6hnlicher Offenheit erkl\u00e4rte der Politiker, Staat und Banken tr\u00fcgen die Schuld an der hohen Inflation. Sie h\u00e4tten die &#8222;Taschen der benachteiligten Menschen&#8220; geleert und deren Kaufkraft geschw\u00e4cht. &#8222;Unser Platz in der H\u00f6lle ist, wenn wir die Probleme der Lebensgrundlage der Menschen nicht l\u00f6sen&#8220;, sagte der Pr\u00e4sident iranischen Medien zufolge.<\/p>\n","protected":false},"excerpt":{"rendered":"Stand: 01.01.2026 18:04 Uhr Im Iran sind erneut zahlreiche Menschen auf die Stra\u00dfen gegangen, vor allem aus l\u00e4ndlichen&hellip;\n","protected":false},"author":2,"featured_media":685952,"comment_status":"","ping_status":"","sticky":false,"template":"","format":"standard","meta":{"footnotes":""},"categories":[3],"tags":[13,345,14,15,159,12,10,8,9,11,103,104],"class_list":{"0":"post-685951","1":"post","2":"type-post","3":"status-publish","4":"format-standard","5":"has-post-thumbnail","7":"category-welt","8":"tag-headlines","9":"tag-iran","10":"tag-nachrichten","11":"tag-news","12":"tag-proteste","13":"tag-schlagzeilen","14":"tag-top-news","15":"tag-top-meldungen","16":"tag-topmeldungen","17":"tag-topnews","18":"tag-welt","19":"tag-world"},"share_on_mastodon":{"url":"https:\/\/pubeurope.com\/@de\/115821545057011756","error":""},"_links":{"self":[{"href":"https:\/\/www.europesays.com\/de\/wp-json\/wp\/v2\/posts\/685951","targetHints":{"allow":["GET"]}}],"collection":[{"href":"https:\/\/www.europesays.com\/de\/wp-json\/wp\/v2\/posts"}],"about":[{"href":"https:\/\/www.europesays.com\/de\/wp-json\/wp\/v2\/types\/post"}],"author":[{"embeddable":true,"href":"https:\/\/www.europesays.com\/de\/wp-json\/wp\/v2\/users\/2"}],"replies":[{"embeddable":true,"href":"https:\/\/www.europesays.com\/de\/wp-json\/wp\/v2\/comments?post=685951"}],"version-history":[{"count":0,"href":"https:\/\/www.europesays.com\/de\/wp-json\/wp\/v2\/posts\/685951\/revisions"}],"wp:featuredmedia":[{"embeddable":true,"href":"https:\/\/www.europesays.com\/de\/wp-json\/wp\/v2\/media\/685952"}],"wp:attachment":[{"href":"https:\/\/www.europesays.com\/de\/wp-json\/wp\/v2\/media?parent=685951"}],"wp:term":[{"taxonomy":"category","embeddable":true,"href":"https:\/\/www.europesays.com\/de\/wp-json\/wp\/v2\/categories?post=685951"},{"taxonomy":"post_tag","embeddable":true,"href":"https:\/\/www.europesays.com\/de\/wp-json\/wp\/v2\/tags?post=685951"}],"curies":[{"name":"wp","href":"https:\/\/api.w.org\/{rel}","templated":true}]}}