{"id":685971,"date":"2026-01-01T19:51:16","date_gmt":"2026-01-01T19:51:16","guid":{"rendered":"https:\/\/www.europesays.com\/de\/685971\/"},"modified":"2026-01-01T19:51:16","modified_gmt":"2026-01-01T19:51:16","slug":"fc-augsburg-bereitet-sich-zu-hause-auf-bundesligastart-vor","status":"publish","type":"post","link":"https:\/\/www.europesays.com\/de\/685971\/","title":{"rendered":"FC Augsburg bereitet sich zu Hause auf Bundesligastart vor"},"content":{"rendered":"<p class=\"mb-6 text-xs md:text-m lg:text-l font-serif group-[.font-sans]:font-sans \">\n    Ein etwas ruhigeres Jahr w\u00e4re dem FC Augsburg wohl auch recht gewesen. Mit etwas weniger Schlagzeilen und weniger Entscheidungen, die die Vereinsbosse treffen mussten.<a href=\"https:\/\/www.augsburger-allgemeine.de\/sport\/fc-augsburg\/sandro-wagner-als-moeglicher-neuer-coach-fca-koennte-bald-vollzug-melden-109107690\" target=\"_self\" class=\"underline \" rel=\"noopener\"> Nach der vergangenen Saison hatte sich der Fu\u00dfball-Bundesligist von Trainer Jess Thorup und Sportdirektor Marinko Jurendic getrennt<\/a> \u2013 trotz einer von den Punkten gesehenen starken Saison. Da bei den Verantwortlichen aber Zweifel an der richtigen Entwicklung aufgekommen waren, entschieden sie sich f\u00fcr einen Neuanfang.\n  <\/p>\n<p class=\"mb-6 text-xs md:text-m lg:text-l font-serif group-[.font-sans]:font-sans \">\n    Im Sommer lotste Michael Str\u00f6ll einen Neuling auf der Trainerposition nach Augsburg. Zumindest einen Neuling in der Bundesliga. <a href=\"https:\/\/www.augsburger-allgemeine.de\/personen\/aa-sandro-wagner\" target=\"_self\" class=\"underline \" rel=\"noopener\">Sandro Wagner<\/a> wollten einige Klubs im Sommer verpflichten, der FCA sicherte sich die Dienste des Trainers. Als Co-Trainer hatte Wagner zuvor beim DFB gearbeitet, die Rolle hinter Julian Nagelsmann aber war ihm nicht mehr genug. Er wollte selbst in die Verantwortung, der FCA gab ihm die Chance.\n  <\/p>\n<p class=\"mb-6 text-xs md:text-m lg:text-l font-serif group-[.font-sans]:font-sans \">\n    Die Hoffnung auf Verbesserungen war gro\u00df. Wagner startete mit vielen Ideen. Sportlich aber war sein Wirken nicht wirklich erfolgreich. <a href=\"https:\/\/www.augsburger-allgemeine.de\/sport\/fc-augsburg\/fca-und-sandro-wagner-trennen-sich-das-spektakel-muss-warten-112908010\" target=\"_self\" class=\"underline \" rel=\"noopener\">Nach der Niederlage in Hoffenheim war Schluss f\u00fcr ihn.<\/a> Klub und Trainer trennten sich in beiderseitigem Einvernehmen. Weil der Glaube verloren gegangen war. Von Wagner selbst, der daran zweifelte, den Umschwung noch schaffen zu k\u00f6nnen. Und der Verein musste sich zugestehen, im Sommer eine falsche Entscheidung getroffen zu haben.\n  <\/p>\n<p>            Der FCA zeigt sich nach dem Trainerwechsel stabilisiert<\/p>\n<p class=\"mb-6 text-xs md:text-m lg:text-l font-serif group-[.font-sans]:font-sans \">\n    Manuel Baum \u00fcbernahm. Zun\u00e4chst sollte sein Wirken auf drei Partien begrenzt sein. Da sich die Mannschaft gegen Leverkusen, Frankfurt und Bremen aber deutlich stabilisiert zeigte, kam recht schnell die Idee auf, Baum l\u00e4nger zu besch\u00e4ftigen. Allerdings wollte der 46-J\u00e4hrige die Sicherheit, nach seinem Wirken als Trainer wieder auf seine eigentliche Position als Leiter Entwicklung und Fu\u00dfballinnovation zur\u00fcckkehren zu k\u00f6nnen. Dies sicherten ihm die Verantwortlichen zu.\n  <\/p>\n<p class=\"mb-6 text-xs md:text-m lg:text-l font-serif group-[.font-sans]:font-sans \">\n    Daher fielen die Gespr\u00e4che nach der letzten Partie gegen Bremen relativ kurz aus. Nach 30 Minuten stand fest, dass Baum weitermachen wird. <a href=\"https:\/\/www.augsburger-allgemeine.de\/sport\/fc-augsburg\/fc-augsburg-bestaetigt-manuel-baum-als-trainer-bis-saisonende-113048107\" target=\"_self\" class=\"underline \" rel=\"noopener\">Noch vor Weihnachten meldete der FC Augsburg, dass Baum bis Saisonende Trainer bleiben wird.<\/a> Mit der Hoffnung verbunden, dass er den FCA wieder aus dem Tabellenkeller f\u00fchren wird. Einfach wird die Aufgabe nicht.\n  <\/p>\n<p class=\"mb-6 text-xs md:text-m lg:text-l font-serif group-[.font-sans]:font-sans \">\n    Die Winterpause war kurz. An diesem Freitag startet der FCA mit Leistungstests in Teil zwei der Saison, nachdem in den vergangenen Tagen die Spieler nach individuellen Pl\u00e4nen f\u00fcr sich trainiert hatten. Am Samstag findet um 11 Uhr die erste Einheit auf dem Rasen statt, sie wird \u00f6ffentlich sein. Anders als ein Testspiel gegen den FC Ingolstadt, das im Verlauf der Vorbereitung unter Ausschluss der \u00d6ffentlichkeit stattfindet.\n  <\/p>\n<p>            Der FCA verzichtet erneut auf ein Trainigslager<\/p>\n<p class=\"mb-6 text-xs md:text-m lg:text-l font-serif group-[.font-sans]:font-sans \">\n    \u00c4hnlich wie im vergangenen Winter verzichten die Augsburger wegen der K\u00fcrze der Pause auch diesmal auf ein Trainingslager im S\u00fcden. Am Sonntag in einer Woche (15.30 Uhr) startet bereits Teil zwei der Saison mit dem Ausw\u00e4rtsspiel bei Borussia M\u00f6nchengladbach, es folgt sofort eine englische Woche mit den Heimpartien gegen Union Berlin und den SC Freiburg.\n  <\/p>\n<p class=\"mb-6 text-xs md:text-m lg:text-l font-serif group-[.font-sans]:font-sans \">\n    Klar ist, dass die Augsburger ihren Kader im Winter ver\u00e4ndern wollen. Gesucht werden Neuzug\u00e4nge auf verschiedenen Postionen. Vor allem in der Innenverteidigung und im Angriff scheint es Bedarf zu geben. Zumal gerade im Sturm auch mit Abg\u00e4ngen zu rechnen ist. Phillip Tietz d\u00fcrfte auf eine Ver\u00e4nderung aus sein, die Hinrunde hat ihm nur wenig Spielzeit geboten. Auch Elias Saad k\u00f6nnte ein Wechsel- oder Ausleihekandidat sein.\n  <\/p>\n<p class=\"mb-6 text-xs md:text-m lg:text-l font-serif group-[.font-sans]:font-sans \">\n    In der Defensive wird Kapit\u00e4n Jeffrey Gouweleeuw noch etwas l\u00e4nger ausfallen. Zuletzt hatten in der Dreierkette Noahkai Banks, Chrislain Matsima und Keven Schlotterbeck gespielt. Als Matsima gegen Bremen gesperrt war, ersetzte ihn Cedric Zesiger.\n  <\/p>\n<ul data-module-id=\"DragDropModule\" class=\"flex flex-wrap justify-start group-[.no-bookmarks]:hidden\">\n<li class=\"mb-3 mr-3\">\n    Marco Scheinhof<\/p>\n<p>      Icon Haken im Kreis gesetzt<\/p>\n<p>      Icon Plus im Kreis<\/p>\n<\/li>\n<li class=\"mb-3 mr-3\">\n    FC Augsburg<\/p>\n<p>      Icon Haken im Kreis gesetzt<\/p>\n<p>      Icon Plus im Kreis<\/p>\n<\/li>\n<li class=\"mb-3 mr-3\">\n    Sandro Wagner<\/p>\n<p>      Icon Haken im Kreis gesetzt<\/p>\n<p>      Icon Plus im Kreis<\/p>\n<\/li>\n<\/ul>\n","protected":false},"excerpt":{"rendered":"Ein etwas ruhigeres Jahr w\u00e4re dem FC Augsburg wohl auch recht gewesen. Mit etwas weniger Schlagzeilen und weniger&hellip;\n","protected":false},"author":2,"featured_media":673598,"comment_status":"","ping_status":"","sticky":false,"template":"","format":"standard","meta":{"footnotes":""},"categories":[1846],"tags":[680,772,2420,3364,29,548,663,3934,483,30,13,34114,158966,92758,14,15,15179,12,11453,3171,34402],"class_list":{"0":"post-685971","1":"post","2":"type-post","3":"status-publish","4":"format-standard","5":"has-post-thumbnail","7":"category-augsburg","8":"tag-augsburg","9":"tag-bayern","10":"tag-bremen","11":"tag-de","12":"tag-deutschland","13":"tag-eu","14":"tag-europa","15":"tag-europe","16":"tag-fc-augsburg","17":"tag-germany","18":"tag-headlines","19":"tag-jess-thorup","20":"tag-leistungstest","21":"tag-manuel-baum","22":"tag-nachrichten","23":"tag-news","24":"tag-sandro-wagner","25":"tag-schlagzeilen","26":"tag-trainingseinheit","27":"tag-trainingslager","28":"tag-winterpause"},"share_on_mastodon":{"url":"https:\/\/pubeurope.com\/@de\/115821588268017579","error":""},"_links":{"self":[{"href":"https:\/\/www.europesays.com\/de\/wp-json\/wp\/v2\/posts\/685971","targetHints":{"allow":["GET"]}}],"collection":[{"href":"https:\/\/www.europesays.com\/de\/wp-json\/wp\/v2\/posts"}],"about":[{"href":"https:\/\/www.europesays.com\/de\/wp-json\/wp\/v2\/types\/post"}],"author":[{"embeddable":true,"href":"https:\/\/www.europesays.com\/de\/wp-json\/wp\/v2\/users\/2"}],"replies":[{"embeddable":true,"href":"https:\/\/www.europesays.com\/de\/wp-json\/wp\/v2\/comments?post=685971"}],"version-history":[{"count":0,"href":"https:\/\/www.europesays.com\/de\/wp-json\/wp\/v2\/posts\/685971\/revisions"}],"wp:featuredmedia":[{"embeddable":true,"href":"https:\/\/www.europesays.com\/de\/wp-json\/wp\/v2\/media\/673598"}],"wp:attachment":[{"href":"https:\/\/www.europesays.com\/de\/wp-json\/wp\/v2\/media?parent=685971"}],"wp:term":[{"taxonomy":"category","embeddable":true,"href":"https:\/\/www.europesays.com\/de\/wp-json\/wp\/v2\/categories?post=685971"},{"taxonomy":"post_tag","embeddable":true,"href":"https:\/\/www.europesays.com\/de\/wp-json\/wp\/v2\/tags?post=685971"}],"curies":[{"name":"wp","href":"https:\/\/api.w.org\/{rel}","templated":true}]}}