{"id":686073,"date":"2026-01-01T20:50:20","date_gmt":"2026-01-01T20:50:20","guid":{"rendered":"https:\/\/www.europesays.com\/de\/686073\/"},"modified":"2026-01-01T20:50:20","modified_gmt":"2026-01-01T20:50:20","slug":"architektur-und-menschenwuerde-110-jahre-plauer-gartenstadt","status":"publish","type":"post","link":"https:\/\/www.europesays.com\/de\/686073\/","title":{"rendered":"Architektur und Menschenw\u00fcrde \u2013 110 Jahre Plauer Gartenstadt"},"content":{"rendered":"<p>Architekt Paul Schmitthenner, der in England die Idee der so genannten Gartenst\u00e4dte studiert hatte, setzte auf einer Sandinsel, 500 Meter n\u00f6rdlich von Plaue, dieses Konzept um. Es entstanden Wohnungen f\u00fcr Arbeiterfamilien, die als Alternative zu den grauen, dunkel \u201eMietskasernen\u201c der Gro\u00dfst\u00e4dte ein gesundes, naturnahes und menschenw\u00fcrdiges Wohnen erm\u00f6glichten. In wenigen Monaten wurden damals 212 von insgesamt 300 geplanten Wohnungen gebaut, mit Stube, Schlafkammer, K\u00fcche, Waschk\u00fcche, Stall und 180 m2 Garten, die ein Leben an Luft und Licht zulie\u00dfen. <\/p>\n<p>\u201eDie F\u00fchrung durch Plaues Ortsvorsteher Udo Geiseler war einmal mehr eine Mischung aus Information, Spaziergang, Sch\u00e4tzfragen und manch ironischer Bemerkung\u201c, berichtet Lydia Jordan, Vorsitzende des SPD-Ortsvereins. In lockerer entspannter Atmosph\u00e4re am Jahresende seien aber durchaus auch gesellschaftlich relevante Fragen angesprochen und diskutiert worden, z.B. wie gesundes Bauen in der Gegenwart ohne zus\u00e4tzliche Zersiedlung der Landschaft m\u00f6glich ist oder wie modernes Leben in einem Denkmal (die gesamte Plauer Gartenstadt steht unter Denkmalschutz) garantiert werden kann. <\/p>\n<p>Mitten in der Gartenstadt, am Marktplatz, endete der Spaziergang mit Gl\u00fchwein, Bratwurst und guten Gespr\u00e4chen, u.a. mit dem designierten Oberb\u00fcrgermeister Daniel Keip. \u201eWir freuen uns schon auf das n\u00e4chste Jahr, dann wieder in Kirchm\u00f6ser\u201c, so Lydia Jordan. \u201eWir w\u00fcnschen allen B\u00fcrgerinnen und B\u00fcrgern ein gutes neues Jahr 2026.\u201c<\/p>\n","protected":false},"excerpt":{"rendered":"Architekt Paul Schmitthenner, der in England die Idee der so genannten Gartenst\u00e4dte studiert hatte, setzte auf einer Sandinsel,&hellip;\n","protected":false},"author":2,"featured_media":686074,"comment_status":"","ping_status":"","sticky":false,"template":"","format":"standard","meta":{"footnotes":""},"categories":[1775],"tags":[1793,29,214,30,1794,215],"class_list":{"0":"post-686073","1":"post","2":"type-post","3":"status-publish","4":"format-standard","5":"has-post-thumbnail","7":"category-kunst-und-design","8":"tag-art-and-design","9":"tag-deutschland","10":"tag-entertainment","11":"tag-germany","12":"tag-kunst-und-design","13":"tag-unterhaltung"},"share_on_mastodon":{"url":"https:\/\/pubeurope.com\/@de\/115821820154450237","error":""},"_links":{"self":[{"href":"https:\/\/www.europesays.com\/de\/wp-json\/wp\/v2\/posts\/686073","targetHints":{"allow":["GET"]}}],"collection":[{"href":"https:\/\/www.europesays.com\/de\/wp-json\/wp\/v2\/posts"}],"about":[{"href":"https:\/\/www.europesays.com\/de\/wp-json\/wp\/v2\/types\/post"}],"author":[{"embeddable":true,"href":"https:\/\/www.europesays.com\/de\/wp-json\/wp\/v2\/users\/2"}],"replies":[{"embeddable":true,"href":"https:\/\/www.europesays.com\/de\/wp-json\/wp\/v2\/comments?post=686073"}],"version-history":[{"count":0,"href":"https:\/\/www.europesays.com\/de\/wp-json\/wp\/v2\/posts\/686073\/revisions"}],"wp:featuredmedia":[{"embeddable":true,"href":"https:\/\/www.europesays.com\/de\/wp-json\/wp\/v2\/media\/686074"}],"wp:attachment":[{"href":"https:\/\/www.europesays.com\/de\/wp-json\/wp\/v2\/media?parent=686073"}],"wp:term":[{"taxonomy":"category","embeddable":true,"href":"https:\/\/www.europesays.com\/de\/wp-json\/wp\/v2\/categories?post=686073"},{"taxonomy":"post_tag","embeddable":true,"href":"https:\/\/www.europesays.com\/de\/wp-json\/wp\/v2\/tags?post=686073"}],"curies":[{"name":"wp","href":"https:\/\/api.w.org\/{rel}","templated":true}]}}