{"id":686075,"date":"2026-01-01T20:52:18","date_gmt":"2026-01-01T20:52:18","guid":{"rendered":"https:\/\/www.europesays.com\/de\/686075\/"},"modified":"2026-01-01T20:52:18","modified_gmt":"2026-01-01T20:52:18","slug":"bridgerton-4-ted-lasso-die-wichtigsten-serien-2026-zum-streamen","status":"publish","type":"post","link":"https:\/\/www.europesays.com\/de\/686075\/","title":{"rendered":"Bridgerton 4, Ted Lasso: Die wichtigsten Serien 2026 zum Streamen"},"content":{"rendered":"<p>        <img decoding=\"async\" src=\"https:\/\/www.europesays.com\/de\/wp-content\/uploads\/2026\/01\/bridgerton-120.webp.webp\" alt=\"Eine Frau mit Maske steht neben einem maskierten Mann auf einem Balkon - in der f\u00fcnften Staffel der Serie &quot;Bridgerton&quot; \" title=\"Eine Frau mit Maske steht neben einem maskierten Mann auf einem Balkon - in der f\u00fcnften Staffel der Serie &quot;Bridgerton&quot;  | Liam Daniel \/ Netflix 2025\" class=\"responsive\"\/><\/p>\n<p>AUDIO: Diese Serien erwarten uns 2026 bei Netflix, Disney+ und Co (3 Min)<\/p>\n<p>\n                Stand: 01.01.2026 17:40 Uhr<\/p>\n<p class=\"preface\">Auch dieses Jahr wird es eine Vielzahl neuer Serien geben &#8211; ob bei den gro\u00dfen Streamern oder den \u00f6ffentlich-rechtlichen Mediatheken. Ein paar Highlights f\u00fcr 2026.<\/p>\n<p class=\"textauthor\">von <a href=\"https:\/\/www.ndr.de\/kultur\/anna-wollner,annawollner100.html\" target=\"_blank\" rel=\"noopener\">Anna Wollner<\/a><\/p>\n<p class=\"\">Wie auch im Filmbereich gibt es in der Serienbranche viele Fortsetzungen in 2026. Welche sich besonders lohnen: eine \u00dcbersicht.<\/p>\n<p>    &#8222;The Pitt&#8220; &#8211; HBO Max ab 13. Januar<\/p>\n<p class=\"\">Das klangliche Erkennungszeichen von HBO wird vermutlich 2026 \u00f6fter in deutschen Wohnzimmern zu h\u00f6ren sein. Denn mit HBO Max geht am 13. Januar der in vielen L\u00e4ndern bereits erfolgreiche laufende Streamingdienst auch in Deutschland mit allen HBO-Eigenproduktionen online und bringt aufregende Serien mit. Wie die mehrfach Emmy-gekr\u00f6nte Krankenhausserie &#8222;<strong>The Pitt<\/strong>&#8222;. Darin spielt Ex-Emergency-Room-Star Noah Wiley in einer der Hauptrollen.<\/p>\n<p class=\"\">Die erste Prestige-Serie von HBO Max in Deutschland wird der &#8222;Game Of Thrones&#8220;-Ableger <strong>&#8222;A Knight Of The Seven Kingdom<\/strong>&#8220; (ab 19. Januar) sein. Eine Serie, die 100 Jahre vor den Ereignissen von &#8222;Game Of Thrones&#8220; spielt. Ende des Jahres wird dann dort das gro\u00dfe deutsche Aush\u00e4ngeschild zu sehen sein. Die Eigenproduktion &#8222;<strong>4 Blocks Zero<\/strong>&#8220; (ab 13. Januar) ist die Vorgeschichte der ber\u00fchmt ber\u00fcchtigten Serien-Familie Hamady, angesiedelt in Berlin Neuk\u00f6lln der 1990er-Jahre.<\/p>\n<p>    &#8222;Euphoria 3&#8220; ab April, &#8222;Bridgerton 4&#8220; ab Januar, &#8222;Scarpetta&#8220; ab M\u00e4rz 2026<\/p>\n<p class=\"\">2026 wird mal wieder ein Jahr der Fortsetzungen. &#8222;<strong>Shogun<\/strong>&#8220; <strong>Staffel 2<\/strong> (Disney+, der Start ist noch unklar), oder &#8222;<strong>Euphoria<\/strong>&#8220; Staffel 3 (Sky, ab April) und &#8222;<strong>The Night Manager&#8220;<\/strong> Staffel 2 (Prime, ab 11. Januar). Netflix bringt am 29. Januar die <strong>vierte Staffel &#8222;Bridgerton&#8220;<\/strong> raus.<\/p>\n<p class=\"\">Diesmal geht es um Benedict Bridgerton, der sich auf einem Maskenball in eine mysteri\u00f6se Frau verliebt. In der vierten Staffel <strong>&#8222;Ted Lasso&#8220;<\/strong> (AppleTV, Start wohl Mitte 2026) muss der amerikanische Fu\u00dfballtrainer in London das erste Mal eine Frauenmannschaft trainieren und die \u00c4rzte J.D., Turk und Elliot geben 15 Jahre nach dem Ende von &#8222;<strong>Scrubs<\/strong>&#8220; ihr Serien-Revival (ab 25. Februar bei ABC).<\/p>\n<p class=\"\">Aber es gibt auch Neues. Nicole Kidman, die komplett vom Film- ins Seriengesch\u00e4ft umgesattelt hat, ist in gleich zwei Produktionen zu sehen. In der &#8222;Amazon Prime&#8220;-Serie &#8222;<strong>Scarpetta<\/strong>&#8220; (ab 11. M\u00e4rz) wird sie als Gerichtsmedizinerin mit einer brutalen Mordserie konfrontiert.<\/p>\n<p class=\"\">In David E. Kelleys <strong>&#8222;Only Margo&#8220;<\/strong> spielt sie an der Seite von Michelle Pfeiffer und Elle Fanning in einem kom\u00f6diantischen Familiendrama \u00fcber Margo, die k\u00fcrzlich ihr Studium abgebrochen hat und Schriftstellerin werden will. Starttermin ist im Fr\u00fchjahr 2026.<\/p>\n<p>                    <a href=\"https:\/\/www.europesays.com\/de\/wp-content\/uploads\/2026\/01\/oderbruchseriestill-100.webp.webp\" class=\"zoomimage\" title=\"Bild vergr\u00f6\u00dfern\"><\/p>\n<p>        <img decoding=\"async\" src=\"https:\/\/www.europesays.com\/de\/wp-content\/uploads\/2026\/01\/oderbruchseriestill-100.webp.webp\" alt=\"Karoline Schuch und Felix Kramer als Roland Voit und Maggie Kring in der Serie &quot;Oderbruch&quot; im Wald\" title=\"Karoline Schuch und Felix Kramer spielen Roland Voit und Maggie Kring in der Serie &quot;Oderbruch&quot; - ab 20. Februar in der ARD Mediathek. | rbb\/ARD Degeto\/Syrreal Dogs GmbH\/CBS Studios\/Stefan Erhard,\" class=\"responsive\" loading=\"lazy\"\/><\/p>\n<p>                    <\/a><\/p>\n<p>                    Karoline Schuch und Felix Kramer spielen Roland Voit und Maggie Kring in der Serie &#8222;Oderbruch&#8220; &#8211; ab 20. Februar in der ARD Mediathek.<\/p>\n<p class=\"\">Und die \u00d6ffentlich-rechtlichen? Die ARD setzt mit der zweiten Staffel &#8222;<a href=\"https:\/\/pressekits.daserste.de\/oderbruch2\" title=\"Oderbruch 2\" target=\"_blank\" rel=\"noopener\">Oderbruch<\/a>&#8220; auf altbew\u00e4hrtes und schickt in der Mystery-Thriller Serie die beiden Vampirgeschwister Maggie und Kai auf eine atemlose Jagd durch Europa. Sie startet am 20. Februar 2026 in der ARD- Mediathek.<\/p>\n<p class=\"\">Das ZDF hingegen bringt direkt Anfang Januar Nilam Faroq als eine der gr\u00f6\u00dften Finanzbetr\u00fcgerinnen aller Zeiten in <strong>&#8222;Take The Money And Run&#8220;<\/strong> auf die Bildschirme.<\/p>\n<p>                    <a href=\"https:\/\/www.europesays.com\/de\/wp-content\/uploads\/2026\/01\/hip-168.webp.webp\" class=\"zoomimage\" title=\"Bild vergr\u00f6\u00dfern\"><\/p>\n<p>        <img decoding=\"async\" src=\"https:\/\/www.europesays.com\/de\/wp-content\/uploads\/2026\/01\/hip-168.webp.webp\" alt=\"Szenenbild aus der franz\u00f6sischen Serie &quot;HIP: Ermittlerin mit Mords-IQ&quot;: Morgane telefoniert auf der Herren-Toilette.\" title=\"Morgane (Audrey Fleurot) telefoniert heimlich. | NDR\/\u00a9Septembre Productions\/Itin\u00e9raire Productions\/TF1\/Be-FILMS\/RTBF (T\u00e9l\u00e9vision belge) MMXXV\" class=\"responsive\" loading=\"lazy\"\/><\/p>\n<p>                    <\/a><\/p>\n<p>                    Morgane (Audrey Fleurot) telefoniert heimlich.<\/p>\n<p class=\"\">Morgane &amp; Karadec gehen ab dem 9. Januar erneut auf Verbrecherjagd. Die f\u00fcnte Staffel der beliebten Serie &#8222;HIP &#8211; Ermittlerin mit Mords-IQ&#8220; steht ab 9. Januar 2026 als deutsche Fassung und im franz\u00f6sischen Originalton in der ARD-Mediathek. Zur Erinnerung: Nachdem sie Kollegen und Liebhaber waren, stehen Morgane und Karadec vor dem gr\u00f6\u00dften Abenteuer: dem Familienleben! Unter einem Dach m\u00fcssen sie zwischen Ermittlungen und neuer Familiendynamik jonglieren. Baby L\u00e9o stellt ihren Alltag auf den Kopf. Zwischen Morganes Kindern und dem Neugeborenen lernen die beiden auf ihre oft unbeholfene Art, Eltern zu sein. Reichen ihre Talente f\u00fcr Familienkrisen und schlaflose N\u00e4chte? Die achtteilige Staffel l\u00e4uft im NDR Fernsehen am Donnerstag, 15. Januar 2026, ab 22 Uhr.<\/p>\n<p class=\"\">Und eventuell &#8211; also ganz eventuell &#8211; wird Ende des Jahres die neue <strong>&#8222;Harry Potter<\/strong>&#8222;-Serie fertig sein. Falls nicht, g\u00e4be es schon das erste Highlight f\u00fcr 2027 zum Merken.<\/p>\n<p>        <img decoding=\"async\" src=\"https:\/\/www.europesays.com\/de\/wp-content\/uploads\/2026\/01\/halbestunde-100.webp.webp\" alt=\"Braut Lydia (Katharina Gieron) und Mareike Berger (Anke Engelke) im Gespr\u00e4ch.\" title=\"Braut Lydia (Katharina Gieron, l.) und Mareike Berger (Anke Engelke, r.) im Gespr\u00e4ch. | WDR\/Michael K\u00f6tschau\/btf productions GmbH\" class=\"responsive\" loading=\"lazy\"\/><\/p>\n<p>Die vierte Staffel der Berlin-Saga, eine Western-Serie in der L\u00fcneburger Heide und Anke Engelke als Hochzeitsplanerin sind unsere Streamingtipps.<\/p>\n<p>        <img decoding=\"async\" src=\"https:\/\/www.europesays.com\/de\/wp-content\/uploads\/2025\/12\/1766492596_0_queenoffuckingeverything-100.webp\" alt=\"Eine Frau betrachtet nachdenklich ihr Spiegelbild\" title=\"Linda (Laura Malmivaara) denkt \u00fcber Auswege aus ihrer finanziellen Krise nach.  | \u00a9 ZDF und Jaakko Kahilaniemi.\" class=\"responsive\" loading=\"lazy\"\/><\/p>\n<p>Der Schwerpunkt unserer Tipps liegt in dieser Woche im Norden &#8211; mit zwei skurrilen Serien und einer Doku \u00fcber Mikkelsen.<\/p>\n<p>        <img decoding=\"async\" src=\"https:\/\/www.europesays.com\/de\/wp-content\/uploads\/2026\/01\/bleibtreu-100.webp.webp\" alt=\"Der Schauspieler Moritz Bleibtreu ist zu Gast in der NDR Talk Show am 5. Dezember 2025.\" title=\"Der Schauspieler Moritz Bleibtreu ist zu Gast in der NDR Talk Show am 5. Dezember 2025. | NDR Fernsehen\/Uwe Ernst\" class=\"responsive\" loading=\"lazy\"\/><\/p>\n<p>Bleibtreu hat viele Gesichter. 2025 bleibt er als wandlungsreicher Schauspieler pr\u00e4sent und \u00fcberrascht privat wie beruflich. Etwa in der Serie &#8222;Miss Sophie&#8220;.<\/p>\n<p>        <img decoding=\"async\" src=\"https:\/\/www.europesays.com\/de\/wp-content\/uploads\/2025\/12\/mrssophie-104.webp.webp\" alt=\"Mr. Pomeroy, Mr. Winterbottom stehend, Mrs Sopie, Sir Toby und Admiral von Schneider am Tisch im Hintergrund steht James\" title=\"Mr. Pomeroy, Mr. Winterbottom stehend, Mrs Sopie, Sir Toby und Admiral von Schneider am Tisch im Hintergrund steht James | SN\/Amazon Prime \/ Gordon M\u00fchle\" class=\"responsive\" loading=\"lazy\"\/><\/p>\n<p>Miss Sophie, f\u00fcnf Verehrer und ein junger Butler: Eine Serie bei &#8222;Amazon Prime&#8220; mit Moritz Bleibtreu enth\u00fcllt, wie alles begann.<\/p>\n<p>        <img decoding=\"async\" src=\"https:\/\/www.europesays.com\/de\/wp-content\/uploads\/2026\/01\/hip-228.webp.webp\" alt=\"Morgane Alvaro (Audrey Fleurot) schwingt auf einem Absperrband, unter ihr befindet sich eine Umrisszeichnung f\u00fcr einen Mordfall.\" title=\"Morgane Alvaro (Audrey Fleurot) schwingt auf einem Absperrband, unter ihr befindet sich eine Umrisszeichnung f\u00fcr einen Mordfall. | Septembre Productions\/Itin\u00e9raire Productions\/TF1\/Be-FILMS\/RTBF (T\u00e9l\u00e9vision belge)\" class=\"responsive\" loading=\"lazy\"\/><\/p>\n<p>Morgane und Karadec stehen vor dem gr\u00f6\u00dften Abenteuer: dem Familienleben! Die neuen Folgen stehen ab 9. Januar in der Mediathek.<\/p>\n<p>        <img decoding=\"async\" src=\"https:\/\/www.europesays.com\/de\/wp-content\/uploads\/2026\/01\/schwarzesgold-100.webp.webp\" alt=\"Eine Gruppe von bewaffneten Menschen in Kleidung des 19. Jhds. laufen \u00fcber ein Feld\" title=\"Eine Gruppe von bewaffneten Menschen in Kleidung des 19. Jhds. laufen \u00fcber ein Feld | NDR\" class=\"responsive\" loading=\"lazy\"\/><\/p>\n<p>Beitr\u00e4ge der L\u00fcneburger Heide GmbH hatten in den letzten Tagen viele Interaktionen. Etwa zu Schaupl\u00e4tzen und Hintergr\u00fcnden.<\/p>\n<p>        <img decoding=\"async\" src=\"https:\/\/www.europesays.com\/de\/wp-content\/uploads\/2026\/01\/blixen-102.webp.webp\" alt=\"Anne und Karen sitzen auf dem Boden und unterhalten sich in Geb\u00e4rdensprache\" title=\"Villje Katring-Raslussen (Anne, li.) und Connie Nielsen (Karen, re.) in &quot;The Dreamer - Becoming Karen Blixen&quot;, | \u00a9 Christian Geisn\u00e6s\" class=\"responsive\" loading=\"lazy\"\/><\/p>\n<p>Mit einer Serie \u00fcber eine Schriftstellerin in der Krise, einer Doku \u00fcber einen verletzlichen Schauspieler und einer True-Crime-Serie.<\/p>\n<p>        Schlagw\u00f6rter zu diesem Artikel<\/p>\n<p>            <a href=\"https:\/\/www.ndr.de\/kultur\/Serien-Highlights-Informationen-und-Hintergruende,serien122.html\" target=\"_blank\" rel=\"noopener\">Serien<\/a><\/p>\n","protected":false},"excerpt":{"rendered":"AUDIO: Diese Serien erwarten uns 2026 bei Netflix, Disney+ und Co (3 Min) Stand: 01.01.2026 17:40 Uhr Auch&hellip;\n","protected":false},"author":2,"featured_media":686076,"comment_status":"","ping_status":"","sticky":false,"template":"","format":"standard","meta":{"footnotes":""},"categories":[1773],"tags":[158971,29,214,30,84845,20650,158973,471,1780,1897,158972,158974,38045,215],"class_list":{"0":"post-686075","1":"post","2":"type-post","3":"status-publish","4":"format-standard","5":"has-post-thumbnail","7":"category-serien","8":"tag-bridgerton-5","9":"tag-deutschland","10":"tag-entertainment","11":"tag-germany","12":"tag-nicole-kidman","13":"tag-oderbruch","14":"tag-scarpetta","15":"tag-serien","16":"tag-series","17":"tag-streaming","18":"tag-the-pitt","19":"tag-tipps-fuer-2026","20":"tag-uebersicht","21":"tag-unterhaltung"},"share_on_mastodon":{"url":"https:\/\/pubeurope.com\/@de\/115821828746488314","error":""},"_links":{"self":[{"href":"https:\/\/www.europesays.com\/de\/wp-json\/wp\/v2\/posts\/686075","targetHints":{"allow":["GET"]}}],"collection":[{"href":"https:\/\/www.europesays.com\/de\/wp-json\/wp\/v2\/posts"}],"about":[{"href":"https:\/\/www.europesays.com\/de\/wp-json\/wp\/v2\/types\/post"}],"author":[{"embeddable":true,"href":"https:\/\/www.europesays.com\/de\/wp-json\/wp\/v2\/users\/2"}],"replies":[{"embeddable":true,"href":"https:\/\/www.europesays.com\/de\/wp-json\/wp\/v2\/comments?post=686075"}],"version-history":[{"count":0,"href":"https:\/\/www.europesays.com\/de\/wp-json\/wp\/v2\/posts\/686075\/revisions"}],"wp:featuredmedia":[{"embeddable":true,"href":"https:\/\/www.europesays.com\/de\/wp-json\/wp\/v2\/media\/686076"}],"wp:attachment":[{"href":"https:\/\/www.europesays.com\/de\/wp-json\/wp\/v2\/media?parent=686075"}],"wp:term":[{"taxonomy":"category","embeddable":true,"href":"https:\/\/www.europesays.com\/de\/wp-json\/wp\/v2\/categories?post=686075"},{"taxonomy":"post_tag","embeddable":true,"href":"https:\/\/www.europesays.com\/de\/wp-json\/wp\/v2\/tags?post=686075"}],"curies":[{"name":"wp","href":"https:\/\/api.w.org\/{rel}","templated":true}]}}