{"id":686201,"date":"2026-01-01T22:10:28","date_gmt":"2026-01-01T22:10:28","guid":{"rendered":"https:\/\/www.europesays.com\/de\/686201\/"},"modified":"2026-01-01T22:10:28","modified_gmt":"2026-01-01T22:10:28","slug":"bei-vielen-dieser-kinder-konnten-wir-die-finger-nicht-retten","status":"publish","type":"post","link":"https:\/\/www.europesays.com\/de\/686201\/","title":{"rendered":"Bei vielen dieser Kinder konnten wir die Finger nicht retten"},"content":{"rendered":"<p><b>rbb: Frau Harhaus-W\u00e4hner, k\u00f6nnen Sie erz\u00e4hlen, was die Silvesternacht f\u00fcr Sie gebracht hat?<\/b><\/p>\n<p><b>Leila Harhaus-W\u00e4hner: <\/b>Wir haben die ganze Nacht handchirurgisch drei S\u00e4le parallel gehabt und haben in allen drei S\u00e4len sehr \u00e4hnliche Verletzungsmuster gesehen. Wir haben viele junge Patienten, Jugendliche gehabt, die den B\u00f6ller in der Hand explodieren haben lassen. Dadurch hatten wir weggesprengte Finger, amputierte Finger, zerst\u00f6rte Nerven, Sehnen und Gef\u00e4\u00dfe, Amputationsverletzungen und Knochenbr\u00fcche.<\/p>\n<p>Gleichzeitig hatten wir auch einige Verletzungen des Gesichtes mit Beteiligung der Augen, weil die Betroffenen sich dr\u00fcber gebeugt haben und geguckt haben, ob der B\u00f6ller startet oder nicht. Es sind \u00fcber 30 Schwerverletzte, acht davon Kinder.<\/p>\n<p><b>rbb: K\u00f6nnen Sie Einzelheiten nennen?<\/b><\/p>\n<p><b>Harhaus-W\u00e4hner: <\/b>Dieses Jahr sind im Vergleich zu den vergangenen Jahren mehr Kinder betroffen. Das ist erschreckend f\u00fcr uns zu sehen. Das sind Kinder im Teenie-Alter, die sich der Gefahren nicht bewusst sind und die B\u00f6ller in der Hand z\u00fcnden. Hier haben wir die schwersten Amputationsverletzungen und Zerrei\u00dfungen der Weichteile. Bei vielen dieser Kinder konnten wir die Finger nicht retten. Damit ist ab dieser Nacht f\u00fcr die Betroffenen das Leben ein anderes, weil Daumen und mehrere Finger an der dominanten Hand oft fehlen.<\/p>\n","protected":false},"excerpt":{"rendered":"rbb: Frau Harhaus-W\u00e4hner, k\u00f6nnen Sie erz\u00e4hlen, was die Silvesternacht f\u00fcr Sie gebracht hat? Leila Harhaus-W\u00e4hner: Wir haben die&hellip;\n","protected":false},"author":2,"featured_media":686202,"comment_status":"","ping_status":"","sticky":false,"template":"","format":"standard","meta":{"footnotes":"","_share_on_mastodon":"0"},"categories":[1825],"tags":[296,29,30,140715,134296],"class_list":["post-686201","post","type-post","status-publish","format-standard","has-post-thumbnail","category-berlin","tag-berlin","tag-deutschland","tag-germany","tag-rbb24silvester","tag-rbb24tagesschau"],"share_on_mastodon":{"url":"https:\/\/pubeurope.com\/@de\/115822134852137734","error":""},"_links":{"self":[{"href":"https:\/\/www.europesays.com\/de\/wp-json\/wp\/v2\/posts\/686201","targetHints":{"allow":["GET"]}}],"collection":[{"href":"https:\/\/www.europesays.com\/de\/wp-json\/wp\/v2\/posts"}],"about":[{"href":"https:\/\/www.europesays.com\/de\/wp-json\/wp\/v2\/types\/post"}],"author":[{"embeddable":true,"href":"https:\/\/www.europesays.com\/de\/wp-json\/wp\/v2\/users\/2"}],"replies":[{"embeddable":true,"href":"https:\/\/www.europesays.com\/de\/wp-json\/wp\/v2\/comments?post=686201"}],"version-history":[{"count":0,"href":"https:\/\/www.europesays.com\/de\/wp-json\/wp\/v2\/posts\/686201\/revisions"}],"wp:featuredmedia":[{"embeddable":true,"href":"https:\/\/www.europesays.com\/de\/wp-json\/wp\/v2\/media\/686202"}],"wp:attachment":[{"href":"https:\/\/www.europesays.com\/de\/wp-json\/wp\/v2\/media?parent=686201"}],"wp:term":[{"taxonomy":"category","embeddable":true,"href":"https:\/\/www.europesays.com\/de\/wp-json\/wp\/v2\/categories?post=686201"},{"taxonomy":"post_tag","embeddable":true,"href":"https:\/\/www.europesays.com\/de\/wp-json\/wp\/v2\/tags?post=686201"}],"curies":[{"name":"wp","href":"https:\/\/api.w.org\/{rel}","templated":true}]}}