{"id":686886,"date":"2026-01-02T05:06:26","date_gmt":"2026-01-02T05:06:26","guid":{"rendered":"https:\/\/www.europesays.com\/de\/686886\/"},"modified":"2026-01-02T05:06:26","modified_gmt":"2026-01-02T05:06:26","slug":"bitte-kein-fussballtourismus-mehr-auf-der-gegengeraden","status":"publish","type":"post","link":"https:\/\/www.europesays.com\/de\/686886\/","title":{"rendered":"Bitte kein Fu\u00dfballtourismus mehr auf der Gegengeraden"},"content":{"rendered":"<p class=\"article_paragraph__hXYKJ\">Es gibt diese Momente im Leben, bei denen auf die Frage \u201eWo warst Du als \u2026?\u201c\u00a0das Bild sowohl des Ereignisses als auch der pers\u00f6nlichen Umgebung sofort vor dem inneren Auge erscheint. Meine pers\u00f6nlichen Top-Momente: der Mauerfall, der Anschlag auf das World Trade Center und die Ankunft des Sohnemanns.<\/p>\n<p class=\"article_paragraph__hXYKJ\">Auch sportlich gibt es diese Momente, wie der Sieg Hans-Joachim Hartnicks bei der Friedensfahrt oder Waldemar Cierpinski und Heinz-Florian Oertel im Marathon bei den Olympischen Spielen. Doch auch aus Union-Sicht gibt es da einige solcher Erlebnisse. F\u00fcr Fans des <a href=\"https:\/\/www.berliner-zeitung.de\/topics\/union\" target=\"_blank\" rel=\"noopener\">1. FC Union Berlin<\/a>, \u00e4lter als ich es bin, der Pokalsieg in <a href=\"https:\/\/www.berliner-zeitung.de\/topics\/halle\" target=\"_blank\" rel=\"noopener\">Halle<\/a> 1968. Aber auch der erste Sieg gegen die Wei\u00dfwein-Roten nach Wiederaufstieg 1976 auf der Zickenwiese, der Sieg im FDGB-Pokalhalbfinale in Dresden im Mai 1985, der Klassenerhalt in der \u201eStadt mit den 3 Os\u201c 1988, das erste Freundschafts-Stadtderby im Januar 1990, das Pokalfinale 2001, der Aufstieg 2019. Und was gibt es Sch\u00f6neres, als die obige Frage auf Union-Ereignisse stolz zu beantworten mit: nat\u00fcrlich im Stadion!<\/p>\n<p>Leopold Querfeld und das Tor, das gar nicht fallen konnte<\/p>\n<p class=\"article_paragraph__hXYKJ\">Im gerade zur\u00fcckliegenden Jahr 2025 ist ein solcher Moment f\u00fcr mich dazugekommen. Als Leopold Querfeld zu Ostern dieses Wahnsinnstor beim 4:4 gegen den <a href=\"https:\/\/www.berliner-zeitung.de\/topics\/vfb-stuttgart\" target=\"_blank\" rel=\"noopener\">VfB Stuttgart<\/a> schoss. Es war der unwahrscheinlichste Schuss, welcher seit Berechnung der Torwahrscheinlichkeit in der Bundesliga den Weg ins Tor gefunden hat. Aus 35 Metern, mit 118 km\/h. Der geht statistisch bei 100 Versuchen einmal rein. Das Tor von Andrej Ilic zum 4:4-Halbzeitstand machte diesen gleichzeitig zur torreichsten ersten H\u00e4lfte der Bundesligageschichte. Wahnsinn! Dies mit meinem Sohn im Stadion erlebt zu haben \u2013 unbezahlbar! Das ist die Union-Geschichte des Jahres 2025, die bleibt. F\u00fcr immer.<\/p>\n<p class=\"article_paragraph__hXYKJ\">Auch erw\u00e4hnenswert: Ein Jahr ist vor\u00fcber, und der Trainer ist immer noch da. Hurra! Das h\u00e4ngt nat\u00fcrlich mit dem Klassenerhalt zusammen, der auch dank des Unentschiedens an Ostern erreicht wurde. H\u00e4tte man sich ein paar Wochen vorher beim 0:1 gegen Kiel an gleicher Stelle, mein pers\u00f6nlicher Jahres-Union-Tiefpunkt, kaum vorstellen k\u00f6nnen. Daher als Fazit: 2025 war ein gutes Jahr, weil Klassenerhalt. Das Einzige, was z\u00e4hlt.<\/p>\n<p class=\"article_paragraph__hXYKJ\">Aber nat\u00fcrlich auch wegen der Leistungen der vergangenen Wochen vor dem Fest. Es sieht langsam so aus, als ob da unter Steffen Baumgart zusammenw\u00e4chst, was zusammengeh\u00f6rt. Und w\u00e4re uns der Ausgleich gelungen im Pokal gegen den FC Bayern \u2026 Wer wei\u00df. Gef\u00fchlt waren es die Ausw\u00e4rtsspiele, welche die Moral gehoben, zusammengeschwei\u00dft haben. Wie die furiose Erl\u00f6sung im Waldstadion, als es gerade nicht so lief, das Feuerwerk am Millerntor, Hennes\u2019 Enth\u00f6rnung im Advent. Das hat einige unter uns schon wieder zu Tr\u00e4umern unterm Weihnachtsbaum werden lassen.<\/p>\n<p class=\"article_paragraph__hXYKJ\">Hoffen wir, dass daraus am 10. Januar kein Albtraum wird; dass das offene Wechselfenster keine allzu gro\u00dfen L\u00fccken in die Abwehr oder sonst wo rei\u00dft,  welche dann hoffentlich schnell wieder gestopft werden. Und dass uns nicht zwei Fu\u00dfballg\u00f6tter mit Pappnasen auf dem Platz und einer daneben den Narrhallamarsch blasen. Dieses erste Spiel im Jahr 2026 hat das Zeug zum Fingerzeig, den keiner will. Am besten 0:0, ohne sich wehzutun?<\/p>\n<p class=\"article_paragraph__hXYKJ\">Zu hoffen ist auch, dass die Stimmung am 10. Januar mindestens so ist wie nach Christian Arbeits Ruckrede an gleicher Stelle am 19. Januar des zur\u00fcckliegenden Jahres gegen selbigen Gegner. Leider, so ist nach Diskussionen nicht nur mein Eindruck, hat diese \u2013 speziell auf der Gegengeraden \u2013 in den zur\u00fcckliegenden Monaten etwas nachgelassen. Sicher, vorher Hymne und dann Wechselges\u00e4nge. Nach Tor sowieso oder gegen Gegner, mit denen uns Emotionen verbinden. Aber nicht immer, nicht mehr durchgehend, nicht mehr die Mannschaft so bedingungslos antreibend.<\/p>\n<p class=\"article_paragraph__hXYKJ\">Liegt es an der Normalit\u00e4t der Bundesliga? An Bequemlichkeit, auch meiner eigenen? An der Dominanz der Waldseite als Stadionanimateur? Fr\u00fcher hat diese auch mal Lieder der Gegengerade aufgenommen, heute kommen diese viel zu selten. Liegt es eventuell daran, dass etliche Gegengeraden-Karten durch Mitglieder an Freunde weitergegeben werden? Freunde, die zwar interessiert, aber keine Fans sind. Denen ohne pers\u00f6nliche Stadionbetreuung nicht bewusst ist, dass sie mit Annahme einer Mitglieder- oder Leih-Dauerkarte auch die Verpflichtung \u00fcbernehmen, laut zu singen.<\/p>\n<p>Falschk\u00f6rper auf der Gegengeraden in der Alten F\u00f6rsterei<\/p>\n<p class=\"article_paragraph__hXYKJ\">Oder liegt es an dem wachsenden Angebot an Mitgliedertickets auf Verkaufsplattformen? Dass dies zum Problem wird, hat auch Union erkannt. Denn jeder Tourist, der den Event konsumiert, ohne von einem Mitglied \u201eeingef\u00fchrt\u201c zu werden, ist ein singendes Mitglied weniger im Stadion. Wer ein Ticket auf einer Plattform f\u00fcr 200 Euro kauft, geht mit der Erwartung in die Alte F\u00f6rsterei, ein stimmungsvolles Erlebnis serviert zu bekommen. Der erwirbt leider nicht die Verpflichtung, daran aktiv mitzuwirken. Leute, die rumstehen wie Falschk\u00f6rper, die absaugen, ohne beizutragen. Weil ihnen, den Viagogo-Event-Touristen, leider nicht klar ist, dass sie es sind, die eben jenes Stimmungserlebnis zerst\u00f6ren, welches sie mit dem Ticket glauben, erworben zu haben.<\/p>\n<p><img alt=\"Infobox image\" loading=\"lazy\" width=\"142\" height=\"188\" decoding=\"async\" data-nimg=\"1\" style=\"color:transparent;max-width:100%;height:auto\"  src=\"https:\/\/berliner-zeitung-msp-prod.imgix.net\/2025\/12\/08\/28853756-714e-4112-8578-35314d6ec391.heif?w=426&amp;auto=format&amp;h=564&amp;auto=compress&amp;sharp=7\"\/><\/p>\n<p>Privat<\/p>\n<p>Unser Autor<\/p>\n<p>Andras Ruppert, in Berlin-Lichtenberg aufgewachsen, ist studierter Volkswirt und weltweit als Strategieberater t\u00e4tig. Seit mehr als 40 Jahren Union-Fan mit Dauerkarte wohnt er seit mehr als 20 Jahren mit Frau und Sohn in Oslo, Norwegen. Er ist Mitgr\u00fcnder des norwegischen Union-Fanklubs Bamsegjengen, bekennender Metalhead, Geschichtsnerd und M\u00fcnzsammler. In unregelm\u00e4\u00dfigen Abst\u00e4nden schreibt er f\u00fcr die Berliner Zeitung \u00fcber seinen Herzensverein.<\/p>\n<p class=\"article_paragraph__hXYKJ\">Daher meinen Neujahrswunsch an alle Union-Mitglieder f\u00fcr das neue Jahr: Kauft keine Tickets, die ihr selber oder euer direktes Umfeld nicht braucht. Und wenn ihr eins \u00fcbrig habt, verkauft es direkt im Union-Zweitmarkt. Wer Tickets an Nicht-Mitglieder verscherbelt, wird zum Dieb: Am Mitglied, das nicht ins Stadion kommt, und an der Stimmung.<\/p>\n<p class=\"article_paragraph__hXYKJ\">Denn nur wenn die Stimmung in der Alten F\u00f6rsterei durchgehend vor An- bis nach Abpfiff so ist, wie wir sie uns alle w\u00fcnschen, so wie wir und die Jungs auf dem Platz sie brauchen, als die Luft zum Atmen, dann klappt es auch mit den Heimsiegen gegen Mannschaften, die hinter uns und vor uns stehen. Schon mit dem Auftakt gegen Narrenbek\u00e4ppten. Und dann gegen Stuttgart, Hoppistan, Dortmund. Wenn das klappt, k\u00f6nnen wir alle weiter tr\u00e4umen. Nicht nur vom Nichtabstieg. Der ist Pflicht. Sondern von der K\u00fcr: Union international.<\/p>\n<p class=\"article_paragraph__hXYKJ article_paragraph_end-of-article-icon__tzjPO\">Eisern!<\/p>\n","protected":false},"excerpt":{"rendered":"Es gibt diese Momente im Leben, bei denen auf die Frage \u201eWo warst Du als \u2026?\u201c\u00a0das Bild sowohl&hellip;\n","protected":false},"author":2,"featured_media":686887,"comment_status":"","ping_status":"","sticky":false,"template":"","format":"standard","meta":{"footnotes":""},"categories":[1825],"tags":[296,29,30],"class_list":{"0":"post-686886","1":"post","2":"type-post","3":"status-publish","4":"format-standard","5":"has-post-thumbnail","7":"category-berlin","8":"tag-berlin","9":"tag-deutschland","10":"tag-germany"},"share_on_mastodon":{"url":"https:\/\/pubeurope.com\/@de\/115823770814583665","error":""},"_links":{"self":[{"href":"https:\/\/www.europesays.com\/de\/wp-json\/wp\/v2\/posts\/686886","targetHints":{"allow":["GET"]}}],"collection":[{"href":"https:\/\/www.europesays.com\/de\/wp-json\/wp\/v2\/posts"}],"about":[{"href":"https:\/\/www.europesays.com\/de\/wp-json\/wp\/v2\/types\/post"}],"author":[{"embeddable":true,"href":"https:\/\/www.europesays.com\/de\/wp-json\/wp\/v2\/users\/2"}],"replies":[{"embeddable":true,"href":"https:\/\/www.europesays.com\/de\/wp-json\/wp\/v2\/comments?post=686886"}],"version-history":[{"count":0,"href":"https:\/\/www.europesays.com\/de\/wp-json\/wp\/v2\/posts\/686886\/revisions"}],"wp:featuredmedia":[{"embeddable":true,"href":"https:\/\/www.europesays.com\/de\/wp-json\/wp\/v2\/media\/686887"}],"wp:attachment":[{"href":"https:\/\/www.europesays.com\/de\/wp-json\/wp\/v2\/media?parent=686886"}],"wp:term":[{"taxonomy":"category","embeddable":true,"href":"https:\/\/www.europesays.com\/de\/wp-json\/wp\/v2\/categories?post=686886"},{"taxonomy":"post_tag","embeddable":true,"href":"https:\/\/www.europesays.com\/de\/wp-json\/wp\/v2\/tags?post=686886"}],"curies":[{"name":"wp","href":"https:\/\/api.w.org\/{rel}","templated":true}]}}