{"id":687001,"date":"2026-01-02T06:19:16","date_gmt":"2026-01-02T06:19:16","guid":{"rendered":"https:\/\/www.europesays.com\/de\/687001\/"},"modified":"2026-01-02T06:19:16","modified_gmt":"2026-01-02T06:19:16","slug":"der-transfer-von-nick-woltemade-war-erst-der-anfang","status":"publish","type":"post","link":"https:\/\/www.europesays.com\/de\/687001\/","title":{"rendered":"Der Transfer von Nick Woltemade war erst der Anfang"},"content":{"rendered":"<p class=\"tspAGen tspAGeo\">Beim VfB Stuttgart vermisst man den gro\u00dfen St\u00fcrmer mit den feinen F\u00fc\u00dfen, es machte Spa\u00df, <a href=\"https:\/\/www.tagesspiegel.de\/sport\/boxing-day-in-england-wie-der-kalender-eine-weihnachtstradition-ausbremst-15073685.html?icid=in-text-link_15093677\" class=\"link link--internal\" data-gtm-class=\"article-text-link\" data-gtm-val=\"internal\" target=\"_blank\" rel=\"noopener\">Nick Woltemade <\/a>beim Fu\u00dfballspielen zuzuschauen. Nun spielt er ebenso erfolgreich in England, bei Newcastle United, einem gr\u00f6\u00dftenteils vom saudischen Staatsfonds PIF finanzierten Klub. <\/p>\n<p class=\"tspAGen\">Geld spielt dort keine Rolle. Schlappe 75 Millionen Euro soll der Klub f\u00fcr ihn bezahlt haben, mit Bonuszahlungen k\u00f6nnte sich die Gesamtsumme auf rund 90 Millionen Euro erh\u00f6hen.<\/p>\n<p>Empfehlungen der Woche<\/p>\n<p class=\"tspAPgw\"> Ein schneller \u00dcberblick \u00fcber die wichtigsten Artikel, jeden Sonntag per Mail direkt aus der Tagesspiegel Chefredaktion. <\/p>\n<p class=\"tspAGen\">Blickt man zur\u00fcck auf das vergangene Jahr, ist dies aus deutscher Sicht neben dem Wechsel von<a href=\"https:\/\/www.tagesspiegel.de\/sport\/verstorbener-fussball-profi-geehrt-diogo-jotas-sohne-als-einlaufkinder-bei-spiel-des-fc-liverpool-15084564.html?icid=in-text-link_15093677\" class=\"link link--internal\" data-gtm-class=\"article-text-link\" data-gtm-val=\"internal\" target=\"_blank\" rel=\"noopener\"> Florian Wirtz<\/a> (f\u00fcr 125 Millionen Euro von Leverkusen nach Liverpool) der aufsehenerregendste Transfer gewesen \u2013 auch deshalb, weil der FC Bayern an dem Spieler interessiert war, aber gegen den finanzkr\u00e4ftigeren Konkurrenten aus England keine Chance hatte (genauso wie im Fall Wirtz).<\/p>\n<p class=\"tspAGen\">Blickt man wiederum auf das Jahr 2026, lehnt man sich mit der Annahme nicht zu weit aus dem Fenster, dass Transfers aus der Bundesliga ins Ausland in Woltemade-Dimensionen h\u00e4ufiger vorkommen werden.<\/p>\n<p class=\"tspAGen\">Vor diesem Hintergrund \u00fcberrascht die j\u00fcngst vom erfolgreichen <a href=\"https:\/\/www.tagesspiegel.de\/sport\/wenn-er-sich-besonders-dumm-anstellt--wie-sich-max-eberl-wegen-nick-woltemade-uber-den-tisch-ziehen-liess-14058536.html?icid=in-text-link_15093677\" class=\"link link--internal\" data-gtm-class=\"article-text-link\" data-gtm-val=\"internal\" target=\"_blank\" rel=\"noopener\">VfB-Manager Fabian Wohlgemuth<\/a> get\u00e4tigte Aussage, der Transfer von Woltemade sei \u201ehistorisch\u201c gewesen. \u201eSo eine Konstellation mit all den Einflussfaktoren wird wahrscheinlich einmalig bleiben.\u201c<\/p>\n<p><img decoding=\"async\" src=\"https:\/\/www.europesays.com\/de\/wp-content\/uploads\/2025\/11\/martin-einsiedler-9-14.jpeg\"   alt=\"\" width=\"767\" height=\"767\" loading=\"lazy\" class=\"tspAMgd\"\/><\/p>\n<p class=\"tspARg4\"><strong>Martin Einsiedler<\/strong> glaubt, dass der VfB schon bald wieder viele unmoralische Millionen verdienen wird.<\/p>\n<p class=\"tspAGen\">Wohlgemuth meinte damit wohl auch das penetrante Werben der Bayern und das Vorpreschen von Newcastle mit der horrenden Abl\u00f6se in letzter Minute. Aber \u201ehistorisch\u201c, \u201eeinmalig\u201c?<\/p>\n<p class=\"tspAGen\">In die Aktie Profifu\u00dfball wird immer mehr Geld gesteckt. Mit dem aggressiven Einstieg arabischer Staaten und Investoren in den Fu\u00dfballmarkt bl\u00e4ht sich die Blase immer weiter auf. Wobei sich die Frage stellt, ob es sich \u00fcberhaupt um eine Blase handelt.<\/p>\n<p class=\"tspAGen\">Die Motive der Investoren, so zwiesp\u00e4ltig man sie betrachten mag, haben Substanz. Das sch\u00f6ne Spiel kann dabei helfen, \u00fcber manche Missst\u00e4nde hinwegzusehen. Wenn italienische Teams ihren Pokal in Riad ausspielen und wenn in Katar oder Saudi-Arabien eine WM ausgetragen wird, kann die (menschenrechtliche) Lage dort so schlimm doch nicht sein \u2013 so zumindest das Kalk\u00fcl.<\/p>\n<p class=\"tspAGen\">Au\u00dferdem begeistert der Fu\u00dfball viele Millionen Menschen, die Vermarktungsm\u00f6glichkeiten sind nach wie vor gewaltig, und es gibt wenig Gr\u00fcnde anzunehmen, dass sich dies in naher Zukunft \u00e4ndern sollte. Etwa, weil sich der Fu\u00dfball mit seinen horrenden Abl\u00f6sen und Geh\u00e4ltern sowie den immer teurer werdenden Tickets von den Menschen entfremdet? Wohl kaum.<\/p>\n<p class=\"tspAGen\">Abgesehen von einigen Kritikern, vor allem aus dem europ\u00e4ischen Raum, ist es den meisten Fu\u00dfballfans v\u00f6llig egal, ob Lionel Messi bei einer WM in Deutschland oder in Katar kickt \u2013 auch wenn das Stadionerlebnis immer exklusiver wird. Die gro\u00dfen Spiele bei der WM in diesem Jahr etwa sind nur noch etwas f\u00fcr die Gutbetuchten.<\/p>\n<p> Mehr Sport <a href=\"https:\/\/www.tagesspiegel.de\/sport\/wenn-er-sich-besonders-dumm-anstellt--wie-sich-max-eberl-wegen-nick-woltemade-uber-den-tisch-ziehen-liess-14058536.html?icid=topic-list_15093677___\" data-gtm-class=\"article-mzt-link\" data-hydrate-fingerprint=\"09740a54944caac75fd2c0c63fd5c5df\" data-hydrate-props=\"{&amp;escapedquot;element&amp;escapedquot;:{&amp;escapedquot;type&amp;escapedquot;:&amp;escapedquot;relatedContent&amp;escapedquot;,&amp;escapedquot;fieldMap&amp;escapedquot;:{},&amp;escapedquot;relation&amp;escapedquot;:{&amp;escapedquot;fields&amp;escapedquot;:{&amp;escapedquot;isPaid&amp;escapedquot;:true},&amp;escapedquot;href&amp;escapedquot;:&amp;escapedquot;\/sport\/wenn-er-sich-besonders-dumm-anstellt--wie-sich-max-eberl-wegen-nick-woltemade-uber-den-tisch-ziehen-liess-14058536.html&amp;escapedquot;,&amp;escapedquot;teaserTitle&amp;escapedquot;:{&amp;escapedquot;kicker&amp;escapedquot;:&amp;escapedquot;\u201eWenn er sich besonders dumm anstellt ...\u201c&amp;escapedquot;,&amp;escapedquot;headline&amp;escapedquot;:&amp;escapedquot;So lie\u00df sich Max Eberl vom VfB Stuttgart \u00fcber den Tisch ziehen&amp;escapedquot;},&amp;escapedquot;id&amp;escapedquot;:&amp;escapedquot;14058536&amp;escapedquot;,&amp;escapedquot;type&amp;escapedquot;:&amp;escapedquot;story&amp;escapedquot;},&amp;escapedquot;isPartOfList&amp;escapedquot;:true,&amp;escapedquot;topicListType&amp;escapedquot;:&amp;escapedquot;topic-list&amp;escapedquot;},&amp;escapedquot;showArrow&amp;escapedquot;:true}\" data-hydrate-slots=\"{&#039;default&#039;:[]}\" class=\"tspBTll\" target=\"_blank\" rel=\"noopener\">\u201eWenn er sich besonders dumm anstellt &#8230;\u201c So lie\u00df sich Max Eberl vom VfB Stuttgart \u00fcber den Tisch ziehen <\/a><a href=\"https:\/\/www.tagesspiegel.de\/sport\/so-lief-der-berliner-neujahrslauf-zwei-stunden-schlaf-restalkohol--und-trotzdem-auf-der-strecke-15093306.html?icid=topic-list_15093677___\" data-gtm-class=\"article-mzt-link\" data-hydrate-fingerprint=\"09740a54944caac75fd2c0c63fd5c5df\" data-hydrate-props=\"{&amp;escapedquot;element&amp;escapedquot;:{&amp;escapedquot;type&amp;escapedquot;:&amp;escapedquot;relatedContent&amp;escapedquot;,&amp;escapedquot;fieldMap&amp;escapedquot;:{},&amp;escapedquot;relation&amp;escapedquot;:{&amp;escapedquot;fields&amp;escapedquot;:{&amp;escapedquot;isPaid&amp;escapedquot;:true},&amp;escapedquot;href&amp;escapedquot;:&amp;escapedquot;\/sport\/so-lief-der-berliner-neujahrslauf-zwei-stunden-schlaf-restalkohol--und-trotzdem-auf-der-strecke-15093306.html&amp;escapedquot;,&amp;escapedquot;teaserTitle&amp;escapedquot;:{&amp;escapedquot;kicker&amp;escapedquot;:&amp;escapedquot;So lief der Berliner Neujahrslauf&amp;escapedquot;,&amp;escapedquot;headline&amp;escapedquot;:&amp;escapedquot;Zwei Stunden Schlaf, Restalkohol \u2013 und trotzdem auf der Strecke&amp;escapedquot;},&amp;escapedquot;id&amp;escapedquot;:&amp;escapedquot;15093306&amp;escapedquot;,&amp;escapedquot;type&amp;escapedquot;:&amp;escapedquot;story&amp;escapedquot;},&amp;escapedquot;isPartOfList&amp;escapedquot;:true,&amp;escapedquot;topicListType&amp;escapedquot;:&amp;escapedquot;topic-list&amp;escapedquot;},&amp;escapedquot;showArrow&amp;escapedquot;:true}\" data-hydrate-slots=\"{&#039;default&#039;:[]}\" class=\"tspBTll\" target=\"_blank\" rel=\"noopener\">So lief der Berliner Neujahrslauf Zwei Stunden Schlaf, Restalkohol \u2013 und trotzdem auf der Strecke <\/a><a href=\"https:\/\/www.tagesspiegel.de\/sport\/das-grosse-quiz-wie-gut-wissen-sie-uber-das-sportjahr-2025-bescheid-15074949.html?icid=topic-list_15093677___\" data-gtm-class=\"article-mzt-link\" data-hydrate-fingerprint=\"09740a54944caac75fd2c0c63fd5c5df\" data-hydrate-props=\"{&amp;escapedquot;element&amp;escapedquot;:{&amp;escapedquot;type&amp;escapedquot;:&amp;escapedquot;relatedContent&amp;escapedquot;,&amp;escapedquot;fieldMap&amp;escapedquot;:{},&amp;escapedquot;relation&amp;escapedquot;:{&amp;escapedquot;fields&amp;escapedquot;:{&amp;escapedquot;isPaid&amp;escapedquot;:null},&amp;escapedquot;href&amp;escapedquot;:&amp;escapedquot;\/sport\/das-grosse-quiz-wie-gut-wissen-sie-uber-das-sportjahr-2025-bescheid-15074949.html&amp;escapedquot;,&amp;escapedquot;teaserTitle&amp;escapedquot;:{&amp;escapedquot;kicker&amp;escapedquot;:&amp;escapedquot;Das gro\u00dfe Quiz  &amp;escapedquot;,&amp;escapedquot;headline&amp;escapedquot;:&amp;escapedquot;Wie gut wissen Sie \u00fcber das Sportjahr 2025 Bescheid?&amp;escapedquot;},&amp;escapedquot;id&amp;escapedquot;:&amp;escapedquot;15074949&amp;escapedquot;,&amp;escapedquot;type&amp;escapedquot;:&amp;escapedquot;story&amp;escapedquot;},&amp;escapedquot;isPartOfList&amp;escapedquot;:true,&amp;escapedquot;topicListType&amp;escapedquot;:&amp;escapedquot;topic-list&amp;escapedquot;},&amp;escapedquot;showArrow&amp;escapedquot;:true}\" data-hydrate-slots=\"{&#039;default&#039;:[]}\" class=\"tspBTll\" target=\"_blank\" rel=\"noopener\">Das gro\u00dfe Quiz   Wie gut wissen Sie \u00fcber das Sportjahr 2025 Bescheid? <\/a><\/p>\n<p class=\"tspAGen\">Fabian Wohlgemuth darf sich jedenfalls schon einmal gefasst machen. Beim VfB Stuttgart gibt es Spieler mit riesigem Entwicklungspotenzial, etwa den Nationalspieler Angelo Stiller oder \u2013 vielleicht sogar noch mehr \u2013 die jungen Verteidiger Finn Jeltsch oder Luca Jaquez.<\/p>\n<p class=\"tspAGen\">Gut m\u00f6glich, dass in diesem Jahr Topklubs wie Borussia Dortmund oder der FC Bayern ein Auge auf diese Spieler werfen \u2013 und dann ein noch gr\u00f6\u00dferer (weil reicherer) Klub kommt und kurz vor Transferschluss ein unmoralisches Angebot macht, das Wohlgemuth und der VfB nicht ablehnen k\u00f6nnen. Nein, die vielen Woltemade-Millionen waren nicht einmalig. Es kommt sehr bald noch viel mehr.<\/p>\n","protected":false},"excerpt":{"rendered":"Beim VfB Stuttgart vermisst man den gro\u00dfen St\u00fcrmer mit den feinen F\u00fc\u00dfen, es machte Spa\u00df, Nick Woltemade beim&hellip;\n","protected":false},"author":2,"featured_media":687002,"comment_status":"","ping_status":"","sticky":false,"template":"","format":"standard","meta":{"footnotes":""},"categories":[1830],"tags":[1634,3364,29,3058,458,30,1441,2915],"class_list":{"0":"post-687001","1":"post","2":"type-post","3":"status-publish","4":"format-standard","5":"has-post-thumbnail","7":"category-stuttgart","8":"tag-baden-wuerttemberg","9":"tag-de","10":"tag-deutschland","11":"tag-england","12":"tag-fc-bayern-muenchen","13":"tag-germany","14":"tag-stuttgart","15":"tag-vfb-stuttgart"},"share_on_mastodon":{"url":"https:\/\/pubeurope.com\/@de\/115824057716871401","error":""},"_links":{"self":[{"href":"https:\/\/www.europesays.com\/de\/wp-json\/wp\/v2\/posts\/687001","targetHints":{"allow":["GET"]}}],"collection":[{"href":"https:\/\/www.europesays.com\/de\/wp-json\/wp\/v2\/posts"}],"about":[{"href":"https:\/\/www.europesays.com\/de\/wp-json\/wp\/v2\/types\/post"}],"author":[{"embeddable":true,"href":"https:\/\/www.europesays.com\/de\/wp-json\/wp\/v2\/users\/2"}],"replies":[{"embeddable":true,"href":"https:\/\/www.europesays.com\/de\/wp-json\/wp\/v2\/comments?post=687001"}],"version-history":[{"count":0,"href":"https:\/\/www.europesays.com\/de\/wp-json\/wp\/v2\/posts\/687001\/revisions"}],"wp:featuredmedia":[{"embeddable":true,"href":"https:\/\/www.europesays.com\/de\/wp-json\/wp\/v2\/media\/687002"}],"wp:attachment":[{"href":"https:\/\/www.europesays.com\/de\/wp-json\/wp\/v2\/media?parent=687001"}],"wp:term":[{"taxonomy":"category","embeddable":true,"href":"https:\/\/www.europesays.com\/de\/wp-json\/wp\/v2\/categories?post=687001"},{"taxonomy":"post_tag","embeddable":true,"href":"https:\/\/www.europesays.com\/de\/wp-json\/wp\/v2\/tags?post=687001"}],"curies":[{"name":"wp","href":"https:\/\/api.w.org\/{rel}","templated":true}]}}