{"id":687011,"date":"2026-01-02T06:25:22","date_gmt":"2026-01-02T06:25:22","guid":{"rendered":"https:\/\/www.europesays.com\/de\/687011\/"},"modified":"2026-01-02T06:25:22","modified_gmt":"2026-01-02T06:25:22","slug":"er-koennte-bayern-muenchen-per-kaufoption-eine-millionensumme-einbringen-fcb-profi-wird-nach-leih-abbruch-wohl-erneut-verliehen","status":"publish","type":"post","link":"https:\/\/www.europesays.com\/de\/687011\/","title":{"rendered":"Er k\u00f6nnte Bayern M\u00fcnchen per Kaufoption eine Millionensumme einbringen! FCB-Profi wird nach Leih-Abbruch wohl erneut verliehen"},"content":{"rendered":"<p>Daher war auch schon l\u00e4nger dar\u00fcber spekuliert worden, <a href=\"https:\/\/www.spox.com\/fussball\/listen\/er-erlebt-seinen-persoenlichen-worst-case-bei-einem-spieler-des-fc-bayern-kommt-es-im-winter-wohl-zum-leihabbruch\/blt30fa6c85d7c76bfb\" target=\"_blank\" rel=\"noopener\">dass Peretz&#8216; Leihe vorzeitig beendet werden k\u00f6nnte<\/a>. Schon im Oktober hatte er dem israelischen TV-Sender Sport 5 gesagt: &#8222;<a href=\"https:\/\/www.spox.com\/fussball\/listen\/es-ist-offensichtlich-dass-ich-enttaeuscht-bin-leihspieler-des-fc-bayern-muenchen-deutet-vorzeitige-rueckkehr-an\/bltc04b196920b8329c\" target=\"_blank\" rel=\"noopener\">Es ist offensichtlich, dass ich entt\u00e4uscht bin<\/a>, dass ich in Hamburg nicht spiele. Ich hatte nicht angenommen, dass ich nicht zum Einsatz komme. Es war eigentlich klar, dass ich spielen werde.&#8220;<\/p>\n<p>Southampton brachte sich beim israelischen Nationaltorwart in den vergangenen Wochen in Stellung. <a href=\"https:\/\/www.spox.com\/fussball\/listen\/ein-erster-interessent-wird-gehandelt-leihgabe-des-fc-bayern-koennte-im-winter-vorzeitig-wechseln\/blt260191f8577de04e\" target=\"_blank\" rel=\"noopener\">Vom Interesse des Traditionsklubs von der Insel hatte Anfang Dezember schon die Bild berichtet<\/a>. Nun machte Southampton, wo Peretz auf mehr Einsatzzeit hofft, offenbar ernst.<\/p>\n<p>Der vom deutschen Coach Tonda Eckert trainierte Klub tut sich nach dem Premier-League-Abstieg in der Vorsaison bisher schwer, steht in der Championship lediglich im Tabellenmittelfeld. Mit dem irischen Nationalkeeper Gavin Bazunu h\u00e4tte Peretz in Southampton zwar starke Konkurrenz, der 23-J\u00e4hrige ist allerdings keineswegs unumstritten. In der laufenden Saison musste er schon f\u00fcr einige Wochen auf die Bank, als ihm Routinier Alex McCarthy den Platz zwischen den Pfosten vor\u00fcbergehend wegschnappte. Peretz k\u00f6nnte f\u00fcr mehr Konstanz auf der Torwartposition sorgen.<\/p>\n<p>Dass Peretz bei Bayern noch eine Zukunft haben k\u00f6nnte, ist sehr unwahrscheinlich. Schlie\u00dflich baute der FCB zuletzt Jonas Urbig als potenziellen Nachfolger f\u00fcr Manuel Neuer auf, zudem k\u00f6nnte auch der seit 2023 an den VfB Stuttgart verliehene Alexander N\u00fcbel diese Rolle m\u00f6glicherweise k\u00fcnftig ausf\u00fcllen.<\/p>\n","protected":false},"excerpt":{"rendered":"Daher war auch schon l\u00e4nger dar\u00fcber spekuliert worden, dass Peretz&#8216; Leihe vorzeitig beendet werden k\u00f6nnte. Schon im Oktober&hellip;\n","protected":false},"author":2,"featured_media":687012,"comment_status":"","ping_status":"","sticky":false,"template":"","format":"standard","meta":{"footnotes":""},"categories":[1827],"tags":[772,923,58212,299,24277,123378,29,159109,30,3150,1268,72778,1288],"class_list":{"0":"post-687011","1":"post","2":"type-post","3":"status-publish","4":"format-standard","5":"has-post-thumbnail","7":"category-muenchen","8":"tag-bayern","9":"tag-bayern-muenchen","10":"tag-bayern-munich","11":"tag-bundesliga","12":"tag-championship","13":"tag-d-peretz","14":"tag-deutschland","15":"tag-england-championship","16":"tag-germany","17":"tag-hamburger-sv","18":"tag-muenchen","19":"tag-southampton","20":"tag-transfers"},"share_on_mastodon":{"url":"https:\/\/pubeurope.com\/@de\/115824081171561059","error":""},"_links":{"self":[{"href":"https:\/\/www.europesays.com\/de\/wp-json\/wp\/v2\/posts\/687011","targetHints":{"allow":["GET"]}}],"collection":[{"href":"https:\/\/www.europesays.com\/de\/wp-json\/wp\/v2\/posts"}],"about":[{"href":"https:\/\/www.europesays.com\/de\/wp-json\/wp\/v2\/types\/post"}],"author":[{"embeddable":true,"href":"https:\/\/www.europesays.com\/de\/wp-json\/wp\/v2\/users\/2"}],"replies":[{"embeddable":true,"href":"https:\/\/www.europesays.com\/de\/wp-json\/wp\/v2\/comments?post=687011"}],"version-history":[{"count":0,"href":"https:\/\/www.europesays.com\/de\/wp-json\/wp\/v2\/posts\/687011\/revisions"}],"wp:featuredmedia":[{"embeddable":true,"href":"https:\/\/www.europesays.com\/de\/wp-json\/wp\/v2\/media\/687012"}],"wp:attachment":[{"href":"https:\/\/www.europesays.com\/de\/wp-json\/wp\/v2\/media?parent=687011"}],"wp:term":[{"taxonomy":"category","embeddable":true,"href":"https:\/\/www.europesays.com\/de\/wp-json\/wp\/v2\/categories?post=687011"},{"taxonomy":"post_tag","embeddable":true,"href":"https:\/\/www.europesays.com\/de\/wp-json\/wp\/v2\/tags?post=687011"}],"curies":[{"name":"wp","href":"https:\/\/api.w.org\/{rel}","templated":true}]}}