{"id":687106,"date":"2026-01-02T07:20:15","date_gmt":"2026-01-02T07:20:15","guid":{"rendered":"https:\/\/www.europesays.com\/de\/687106\/"},"modified":"2026-01-02T07:20:15","modified_gmt":"2026-01-02T07:20:15","slug":"vereinte-nationen-laschet-will-deutschen-un-standort-staerken-panorama","status":"publish","type":"post","link":"https:\/\/www.europesays.com\/de\/687106\/","title":{"rendered":"Vereinte Nationen &#8211; Laschet will deutschen UN-Standort st\u00e4rken &#8211; Panorama"},"content":{"rendered":"<p data-manual=\"paragraph\" data-schema-org-speakable=\"true\" class=\"css-1eosz7k\">Berlin (dpa) &#8211; Der Chef des Ausw\u00e4rtigen Ausschusses des Bundestags, Armin Laschet, setzt sich f\u00fcr eine Teilverlagerung des Entwicklungsprogramms der Vereinten Nationen, UNDP, nach <a href=\"https:\/\/www.sueddeutsche.de\/thema\/Deutschland\" target=\"_blank\" rel=\"noopener\">Deutschland<\/a> ein. Der <a href=\"https:\/\/www.sueddeutsche.de\/thema\/UN\" target=\"_blank\" rel=\"noopener\">UN<\/a>-Standort Bonn habe sich bei den Themen Klimaschutz und Nachhaltigkeit sowie mit der Ausrichtung von Weltklimakonferenzen profiliert, sagte der CDU-Politiker der Deutschen Presse-Agentur in Berlin. \u201eIch k\u00f6nnte mir vorstellen, dass das Thema Umwelt und Entwicklung am UN-Campus Bonn weiter profiliert und gest\u00e4rkt wird.\u201c<\/p>\n<p data-manual=\"paragraph\" data-schema-org-speakable=\"true\" class=\"css-1eosz7k\">\u201eWir erleben im Moment eine Entwicklung, in der sich die <a href=\"https:\/\/www.sueddeutsche.de\/thema\/USA\" target=\"_blank\" rel=\"noopener\">USA<\/a> aus vielen internationalen Institutionen politisch und finanziell zur\u00fcckziehen\u201c, sagte der fr\u00fchere nordrhein-westf\u00e4lische Ministerpr\u00e4sident. Gleichzeitig gebe es einen hohen Bedarf an multilateralem Engagement und einer St\u00e4rkung der Vereinten Nationen (UN). Deutschland sei bereit, daran mitzuwirken.\u00a0<\/p>\n<p data-manual=\"paragraph\" data-schema-org-speakable=\"true\" class=\"css-1eosz7k\">Er habe k\u00fcrzlich mit dem neuen UNDP-Generalsekret\u00e4r, dem fr\u00fcheren belgischen Premierminister Alexander De Croo, \u00fcber eine solche teilweise Verlagerung gesprochen. Beim UN-Entwicklungsprogramm sei man \u201eoffen f\u00fcr mehr deutsches Engagement\u201c, sagte Laschet.<\/p>\n<p data-manual=\"paragraph\" data-schema-org-speakable=\"true\" class=\"css-1eosz7k\">UNDP-Hauptsitz ist New York. Daneben gibt es UNDP-B\u00fcros f\u00fcr einzelne Weltregionen &#8211; etwa Europa, ebenfalls in New York &#8211; sowie Repr\u00e4sentationsb\u00fcros f\u00fcr einzelne L\u00e4nder. Das Deutschland-B\u00fcro hat bereits seinen Sitz in Bonn und ein Au\u00dfenb\u00fcro in Berlin.<\/p>\n<p data-manual=\"paragraph\" data-schema-org-speakable=\"true\" class=\"css-1eosz7k\">Laschet begr\u00fc\u00dfte, dass nach intensiven Gespr\u00e4chen zwischen dem Land <a href=\"https:\/\/www.sueddeutsche.de\/thema\/Nordrhein-Westfalen\" target=\"_blank\" rel=\"noopener\">Nordrhein-Westfalen<\/a> und dem Ausw\u00e4rtigen Amt im Bundeshaushalt 2026 Vorsorge f\u00fcr eine Entwicklung des UN-Campus Bonn getroffen wurde.<\/p>\n<p data-manual=\"paragraph\" data-schema-org-speakable=\"true\" class=\"css-1eosz7k\">Bonn ist gr\u00f6\u00dfter UN-Standort in Europa neben den Sitzen der Vereinten Nationen in Genf und Wien. Schon 1951 er\u00f6ffnete ein Au\u00dfenb\u00fcro des Hohen Fl\u00fcchtlingskommissariats der Vereinten Nationen (UNHCR) in Bonn.\u00a0<\/p>\n<p><img decoding=\"async\" src=\"https:\/\/www.europesays.com\/de\/wp-content\/uploads\/2026\/01\/eb7e8c30-5dac-4ed0-bcdc-27df5e034d2b.jpg\"   alt=\"Der Vorsitzende des Ausw\u00e4rtigen Ausschusses des Bundestags und fr\u00fchere NRW-Ministerpr\u00e4sident Armin Laschet (CDU) wirbt f\u00fcr den Ausbau des UN-Standortes Bonn.\" loading=\"lazy\" class=\"css-8atqhb\"\/>Der Vorsitzende des Ausw\u00e4rtigen Ausschusses des Bundestags und fr\u00fchere NRW-Ministerpr\u00e4sident Armin Laschet (CDU) wirbt f\u00fcr den Ausbau des UN-Standortes Bonn. (Foto: Thomas Banneyer\/dpa)<\/p>\n<p data-manual=\"paragraph\" data-schema-org-speakable=\"true\" class=\"css-1eosz7k\">Inzwischen sind mehr als 20 UN-Organisationen am zweiten Sitz der Bundesregierung vertreten. Das UN-Klimasekretariat (UNFCCC), das UN-Freiwilligenprogramm (UNV) und das Sekretariat des \u00dcbereinkommens der Vereinten Nationen zur Bek\u00e4mpfung der W\u00fcstenbildung (UNCCD) haben dort ihren weltweiten Hauptsitz.<\/p>\n<p data-manual=\"paragraph\" data-schema-org-speakable=\"true\" class=\"css-1eosz7k\">Auch beim UN-Entwicklungsprogramm sei man an einer Reform interessiert, sagte Laschet. Er gehe zwar davon aus, dass der UNDP-Hauptsitz in New York bleiben werde. \u201eAber nicht jede einzelne Aktivit\u00e4t von UNDP in der Welt muss aus New York, dem teuersten Ort der Welt, koordiniert werden.\u201c Ziel m\u00fcsse Effizienz f\u00fcr den Globalen S\u00fcden sein.\u00a0<\/p>\n<p><img decoding=\"async\" src=\"https:\/\/www.europesays.com\/de\/wp-content\/uploads\/2026\/01\/35264075-8762-4be1-8f83-008a9fb20f40.jpg\"   alt=\"Bereits zwei Mal haben am UN-Standort Bonn Weltklimakonferenzen stattgefunden.\" loading=\"lazy\" class=\"css-8atqhb\"\/>Bereits zwei Mal haben am UN-Standort Bonn Weltklimakonferenzen stattgefunden. (Foto: Christoph Driessen\/dpa)<\/p>\n<p data-manual=\"paragraph\" data-schema-org-speakable=\"true\" class=\"css-1eosz7k\">Bonn habe den Vorteil, dass dort auch gro\u00dfe UN-Konferenzen stattfinden k\u00f6nnten. So wurden 1999 und 2017 die Weltklimakonferenzen COP in Bonn organisiert. Ende 2001 fand auf dem Petersberg bei Bonn eine UN-Konferenz zur Zukunft Afghanistans statt. \u201eDie Kapazit\u00e4ten und das politische und wirtschaftliche Potenzial sind da, um so etwas auszurichten\u201c, res\u00fcmierte der Chef des Au\u00dfenausschusses.<\/p>\n<p data-manual=\"paragraph\" data-schema-org-speakable=\"true\" class=\"css-1eosz7k\">\u00a9 dpa-infocom, dpa:260102-930-488789\/1<\/p>\n","protected":false},"excerpt":{"rendered":"Berlin (dpa) &#8211; Der Chef des Ausw\u00e4rtigen Ausschusses des Bundestags, Armin Laschet, setzt sich f\u00fcr eine Teilverlagerung des&hellip;\n","protected":false},"author":2,"featured_media":687107,"comment_status":"","ping_status":"","sticky":false,"template":"","format":"standard","meta":{"footnotes":""},"categories":[1842],"tags":[147,1741,1180,3364,29,508,2136,30,2280,1209,1974,16,149,26,64],"class_list":{"0":"post-687106","1":"post","2":"type-post","3":"status-publish","4":"format-standard","5":"has-post-thumbnail","7":"category-bonn","8":"tag-ausland","9":"tag-bonn","10":"tag-bundestag","11":"tag-de","12":"tag-deutschland","13":"tag-diplomatie","14":"tag-entwicklung","15":"tag-germany","16":"tag-jahreswechsel","17":"tag-nordrhein-westfalen","18":"tag-panorama","19":"tag-politik","20":"tag-sueddeutsche-zeitung","21":"tag-un","22":"tag-usa"},"share_on_mastodon":{"url":"https:\/\/pubeurope.com\/@de\/115824297499629772","error":""},"_links":{"self":[{"href":"https:\/\/www.europesays.com\/de\/wp-json\/wp\/v2\/posts\/687106","targetHints":{"allow":["GET"]}}],"collection":[{"href":"https:\/\/www.europesays.com\/de\/wp-json\/wp\/v2\/posts"}],"about":[{"href":"https:\/\/www.europesays.com\/de\/wp-json\/wp\/v2\/types\/post"}],"author":[{"embeddable":true,"href":"https:\/\/www.europesays.com\/de\/wp-json\/wp\/v2\/users\/2"}],"replies":[{"embeddable":true,"href":"https:\/\/www.europesays.com\/de\/wp-json\/wp\/v2\/comments?post=687106"}],"version-history":[{"count":0,"href":"https:\/\/www.europesays.com\/de\/wp-json\/wp\/v2\/posts\/687106\/revisions"}],"wp:featuredmedia":[{"embeddable":true,"href":"https:\/\/www.europesays.com\/de\/wp-json\/wp\/v2\/media\/687107"}],"wp:attachment":[{"href":"https:\/\/www.europesays.com\/de\/wp-json\/wp\/v2\/media?parent=687106"}],"wp:term":[{"taxonomy":"category","embeddable":true,"href":"https:\/\/www.europesays.com\/de\/wp-json\/wp\/v2\/categories?post=687106"},{"taxonomy":"post_tag","embeddable":true,"href":"https:\/\/www.europesays.com\/de\/wp-json\/wp\/v2\/tags?post=687106"}],"curies":[{"name":"wp","href":"https:\/\/api.w.org\/{rel}","templated":true}]}}