{"id":687118,"date":"2026-01-02T07:29:10","date_gmt":"2026-01-02T07:29:10","guid":{"rendered":"https:\/\/www.europesays.com\/de\/687118\/"},"modified":"2026-01-02T07:29:10","modified_gmt":"2026-01-02T07:29:10","slug":"feueralarm-in-dresdner-pflegeheim-radio-dresden","status":"publish","type":"post","link":"https:\/\/www.europesays.com\/de\/687118\/","title":{"rendered":"Feueralarm in Dresdner Pflegeheim &#8211; Radio Dresden"},"content":{"rendered":"<p>Mit einem Gro\u00dfaufgebot \u00a0ist die Dresdner Feuerwehr am Neujahrsabend zu in einem Pflegeheim am Schlesischen Platz \u00a0beim Neust\u00e4dter Bahnhof ausger\u00fcckt. Aus dem Keller drang Rauch und zog durch das Geb\u00e4ude. Aufgrund der Einsatzlage und der \u00fcber 90 Bewohner wurde vorsorglich der Alarm f\u00fcr einen Massenanfall von Verletzten ausgel\u00f6st. Eine Evakuierung war dann aber nicht n\u00f6tig. In einem Lichtschacht im Keller waren Unrat und Laubreste in Brand geraten. Die Feuerwehr konnte die Flammen rasch l\u00f6schen. Verletzt wurde niemand.<\/p>\n<p>\u00a0<\/p>\n","protected":false},"excerpt":{"rendered":"Mit einem Gro\u00dfaufgebot \u00a0ist die Dresdner Feuerwehr am Neujahrsabend zu in einem Pflegeheim am Schlesischen Platz \u00a0beim Neust\u00e4dter&hellip;\n","protected":false},"author":2,"featured_media":687119,"comment_status":"","ping_status":"","sticky":false,"template":"","format":"standard","meta":{"footnotes":""},"categories":[1835],"tags":[3364,29,2386,30,859],"class_list":{"0":"post-687118","1":"post","2":"type-post","3":"status-publish","4":"format-standard","5":"has-post-thumbnail","7":"category-dresden","8":"tag-de","9":"tag-deutschland","10":"tag-dresden","11":"tag-germany","12":"tag-sachsen"},"share_on_mastodon":{"url":"https:\/\/pubeurope.com\/@de\/115824332926162995","error":""},"_links":{"self":[{"href":"https:\/\/www.europesays.com\/de\/wp-json\/wp\/v2\/posts\/687118","targetHints":{"allow":["GET"]}}],"collection":[{"href":"https:\/\/www.europesays.com\/de\/wp-json\/wp\/v2\/posts"}],"about":[{"href":"https:\/\/www.europesays.com\/de\/wp-json\/wp\/v2\/types\/post"}],"author":[{"embeddable":true,"href":"https:\/\/www.europesays.com\/de\/wp-json\/wp\/v2\/users\/2"}],"replies":[{"embeddable":true,"href":"https:\/\/www.europesays.com\/de\/wp-json\/wp\/v2\/comments?post=687118"}],"version-history":[{"count":0,"href":"https:\/\/www.europesays.com\/de\/wp-json\/wp\/v2\/posts\/687118\/revisions"}],"wp:featuredmedia":[{"embeddable":true,"href":"https:\/\/www.europesays.com\/de\/wp-json\/wp\/v2\/media\/687119"}],"wp:attachment":[{"href":"https:\/\/www.europesays.com\/de\/wp-json\/wp\/v2\/media?parent=687118"}],"wp:term":[{"taxonomy":"category","embeddable":true,"href":"https:\/\/www.europesays.com\/de\/wp-json\/wp\/v2\/categories?post=687118"},{"taxonomy":"post_tag","embeddable":true,"href":"https:\/\/www.europesays.com\/de\/wp-json\/wp\/v2\/tags?post=687118"}],"curies":[{"name":"wp","href":"https:\/\/api.w.org\/{rel}","templated":true}]}}