{"id":687167,"date":"2026-01-02T07:55:13","date_gmt":"2026-01-02T07:55:13","guid":{"rendered":"https:\/\/www.europesays.com\/de\/687167\/"},"modified":"2026-01-02T07:55:13","modified_gmt":"2026-01-02T07:55:13","slug":"feuerwerk-in-berlin-kugelbomben-verdacht-kind-durch-pyrotechnik-schwerverletzt-2","status":"publish","type":"post","link":"https:\/\/www.europesays.com\/de\/687167\/","title":{"rendered":"Feuerwerk in Berlin: Kugelbomben-Verdacht &#8211; Kind durch Pyrotechnik schwerverletzt"},"content":{"rendered":"<p>        2. Januar 2026, 7:20 Uhr<br \/>\n    Quelle: dpa Berlin\/Brandenburg\n<\/p>\n<p>        Hinweis<\/p>\n<p class=\"article-notice__text\">DIE ZEIT hat diese Meldung redaktionell nicht bearbeitet. Sie wurde automatisch von der Deutschen Presse-Agentur (dpa) \u00fcbernommen.<\/p>\n<p>            <img decoding=\"async\" class=\"article__media-item\" src=\"https:\/\/www.europesays.com\/de\/wp-content\/uploads\/2026\/01\/1767340513_320_wide__660x371.jpeg\" alt=\"Feuerwerk in Berlin: Am Unfallkrankenhaus in Berlin wird ein Kind mit schweren Verletzungen durch Feuerwerk behandelt. (Symbolbild)\"\/><\/p>\n<p>                    Am Unfallkrankenhaus in Berlin wird ein Kind mit schweren Verletzungen durch Feuerwerk behandelt. (Symbolbild)<br \/>\n            \u00a9\u00a0David Young\/\u200bdpa<\/p>\n<p class=\"paragraph article__item\">Ein Kind soll zu Silvester schwerste Verletzungen durch Pyrotechnik davongetragen haben. \u00abWeitere 5 B\u00f6lleropfer wurden zu uns ins UKB gebracht. Darunter ein dramatischer Fall eines Kindes mit vermuteter Kugelbomben-Verletzung\u00bb, schrieb das Unfallkrankenhaus Berlin (UKB) in einem Post auf der Plattform X. Eine Hand sei vollst\u00e4ndig zerst\u00f6rt und am K\u00f6rper m\u00fcssten weitere tiefe Verletzungen versorgt werden. Zun\u00e4chst hatte der Rbb berichtet.\n<\/p>\n<p>Aktuelles<\/p>\n<p>                <a href=\"https:\/\/www.zeit.de\/gesellschaft\/2025-12\/jahreswechsel-silvesternacht-deutschland-berlin-festnahmen-feuerwerk-gxe\" data-ct-label=\"Jahreswechsel: Zwei Tote in Bielefeld, fast 400 Festnahmen in Berlin\" target=\"_blank\" rel=\"noopener\"><\/p>\n<p>                        Jahreswechsel:<br \/>\n                        Zwei Tote in Bielefeld, fast 400 Festnahmen in Berlin<\/p>\n<p>                <\/a><\/p>\n<p>                <a href=\"https:\/\/www.zeit.de\/gesellschaft\/2025-12\/polizei-gewerkschaft-silvester-feuerwerk-gefahr-gxe\" data-ct-label=\"Silvesterfeuerwerk: Polizei warnt vor \u00dcbermut beim B\u00f6llern\" target=\"_blank\" rel=\"noopener\"><\/p>\n<p>                        Silvesterfeuerwerk:<br \/>\n                        Polizei warnt vor \u00dcbermut beim B\u00f6llern<\/p>\n<p>                <\/a><\/p>\n<p>                <a href=\"https:\/\/www.zeit.de\/gesellschaft\/zeitgeschehen\/2025-12\/silvester-neujahr-2026-australien-neuseeland-sydney\" data-ct-label=\"Silvesternacht: So feiert die Welt den Jahreswechsel\" target=\"_blank\" rel=\"noopener\"><\/p>\n<p>                        Silvesternacht:<br \/>\n                        So feiert die Welt den Jahreswechsel<\/p>\n<p>                <\/a><\/p>\n<p class=\"paragraph article__item\">Bereits im vergangenen Jahr war ein siebenj\u00e4hriger Junge in <a class=\"rtr-entity\" href=\"https:\/\/www.zeit.de\/thema\/berlin\" target=\"_blank\" rel=\"noopener\">Berlin<\/a> von einer Kugelbombe lebensgef\u00e4hrlich verletzt worden. Er wurde notoperiert. Zig Operationen folgten. Der Junge ist heute schwer gezeichnet und k\u00e4mpft um seinen Weg zur\u00fcck ins Leben.\n<\/p>\n<p class=\"paragraph article__item\">\u00a9 dpa-infocom, dpa:260102-930-488889\/1<\/p>\n","protected":false},"excerpt":{"rendered":"2. Januar 2026, 7:20 Uhr Quelle: dpa Berlin\/Brandenburg Hinweis DIE ZEIT hat diese Meldung redaktionell nicht bearbeitet. Sie&hellip;\n","protected":false},"author":2,"featured_media":687168,"comment_status":"","ping_status":"","sticky":false,"template":"","format":"standard","meta":{"footnotes":""},"categories":[1825],"tags":[296,29,4851,159130,30,15,8108],"class_list":{"0":"post-687167","1":"post","2":"type-post","3":"status-publish","4":"format-standard","5":"has-post-thumbnail","7":"category-berlin","8":"tag-berlin","9":"tag-deutschland","10":"tag-feuerwerk","11":"tag-feuerwerk-in-berlin","12":"tag-germany","13":"tag-news","14":"tag-pyrotechnik"},"share_on_mastodon":{"url":"https:\/\/pubeurope.com\/@de\/115824435330594941","error":""},"_links":{"self":[{"href":"https:\/\/www.europesays.com\/de\/wp-json\/wp\/v2\/posts\/687167","targetHints":{"allow":["GET"]}}],"collection":[{"href":"https:\/\/www.europesays.com\/de\/wp-json\/wp\/v2\/posts"}],"about":[{"href":"https:\/\/www.europesays.com\/de\/wp-json\/wp\/v2\/types\/post"}],"author":[{"embeddable":true,"href":"https:\/\/www.europesays.com\/de\/wp-json\/wp\/v2\/users\/2"}],"replies":[{"embeddable":true,"href":"https:\/\/www.europesays.com\/de\/wp-json\/wp\/v2\/comments?post=687167"}],"version-history":[{"count":0,"href":"https:\/\/www.europesays.com\/de\/wp-json\/wp\/v2\/posts\/687167\/revisions"}],"wp:featuredmedia":[{"embeddable":true,"href":"https:\/\/www.europesays.com\/de\/wp-json\/wp\/v2\/media\/687168"}],"wp:attachment":[{"href":"https:\/\/www.europesays.com\/de\/wp-json\/wp\/v2\/media?parent=687167"}],"wp:term":[{"taxonomy":"category","embeddable":true,"href":"https:\/\/www.europesays.com\/de\/wp-json\/wp\/v2\/categories?post=687167"},{"taxonomy":"post_tag","embeddable":true,"href":"https:\/\/www.europesays.com\/de\/wp-json\/wp\/v2\/tags?post=687167"}],"curies":[{"name":"wp","href":"https:\/\/api.w.org\/{rel}","templated":true}]}}