{"id":687175,"date":"2026-01-02T08:02:09","date_gmt":"2026-01-02T08:02:09","guid":{"rendered":"https:\/\/www.europesays.com\/de\/687175\/"},"modified":"2026-01-02T08:02:09","modified_gmt":"2026-01-02T08:02:09","slug":"der-neue-standardpartner-fuer-vitamin-d","status":"publish","type":"post","link":"https:\/\/www.europesays.com\/de\/687175\/","title":{"rendered":"Der neue Standardpartner f\u00fcr Vitamin D"},"content":{"rendered":"<p>Neue wissenschaftliche Grenzwerte f\u00fcr Vitamin K2 erm\u00f6glichen h\u00f6here Dosierungen. Die Kombination mit Vitamin D zeigt zudem positive Effekte bei Long-COVID und Herz-Kreislauf-Erkrankungen.<\/p>\n<p>Vitamin K2 wird 2026 zum unverzichtbaren Partner f\u00fcr Vitamin D. Neue Sicherheitsstandards und klinische Erkenntnisse pr\u00e4gen die Ern\u00e4hrungsmedizin.<\/p>\n<p>Experten st\u00fctzen sich auf k\u00fcrzlich ver\u00f6ffentlichte Studien und Leitlinien. Besonders die Sicherheitsbewertung des Council for Responsible Nutrition (CRN) und Durchbr\u00fcche in der post-viralen Regeneration ver\u00e4ndern das Verst\u00e4ndnis des N\u00e4hrstoff-Duos grundlegend.<\/p>\n<p>Neue Sicherheitsgrenze ebnet Weg f\u00fcr h\u00f6here Dosierungen<\/p>\n<p>Der Council for Responsible Nutrition (CRN) hat eine klare Obergrenze f\u00fcr Vitamin K2 MK-7 festgelegt. Basierend auf \u00fcber 40 Studien ermittelte das Gremium einen \u201cHighest Observed Intake\u201d (HOI) von 375 Mikrogramm pro Tag.<\/p>\n<p>Diese wissenschaftlich fundierte Grenze beendet jahrelange Unsicherheit. F\u00fcr die Branche bedeutet sie mehr Planungssicherheit, f\u00fcr Verbraucher endlich Klarheit. Therapeutische, h\u00f6her dosierte Anwendungen werden nun m\u00f6glich, ohne die Sicherheit zu gef\u00e4hrden.<\/p>\n<p>Die Kombination von hochdosiertem Vitamin D3 mit ad\u00e4quatem K2 kann so pr\u00e4ziser abgestimmt werden. Ziel ist es, das Risiko einer <strong>Hyperkalz\u00e4mie<\/strong> zu minimieren und die positiven Effekte auf Knochen und Gef\u00e4\u00dfe zu maximieren.<\/p>\n<p>Anzeige<\/p>\n<p>Passend zum Thema: Viele Menschen wissen nicht, welche Blutwerte bei einer Vitamin\u2011D\u2011 und K2\u2011Therapie wirklich relevant sind. Unser kostenloser 25\u2011seitiger Laborwerte\u2011Report erkl\u00e4rt verst\u00e4ndlich, welche Marker (TSH, Cholesterin, Calcium, Vitaminstatus u.v.m.) Sie pr\u00fcfen sollten, wie Sie Fehldiagnosen vermeiden und wann Spezialtests n\u00f6tig sind. Gerade bei D3\/K2\u2011Kombinationen und den neuen CRN\u2011Grenzwerten hilft das Wissen, Dosierung und Sicherheit richtig einzusch\u00e4tzen. <strong><a href=\"https:\/\/info.gesundheitswissen-aktuell.de\/laborwerte-selbstcheck\/?af=KOOP_G_TG_DNV_YES_LABORWERTE-SELBSTCHECK_X-CWAHN-BGPID_710268\" rel=\"noopener nofollow\" style=\"color: #337ab7 !important; font-weight: bold; text-decoration: underline;\" target=\"_blank\">Kostenlosen Laborwerte\u2011Guide anfordern<\/a><\/strong><\/p>\n<p>Durchbruch bei Long-COVID und Entz\u00fcndungen<\/p>\n<p>Klinische Daten zeigen jetzt den Einfluss der D3\/K2-Kombination auf Entz\u00fcndungsprozesse. Eine vielbeachtete Studie der University Hospitals in Cleveland liefert die wissenschaftliche Basis.<\/p>\n<p>Die Ergebnisse deuten auf signifikante Verbesserungen bei Symptomen wie chronischer <strong>Fatigue<\/strong> und \u201cBrain Fog\u201d hin. Der Mechanismus: Die Kombination reduziert systemische Entz\u00fcndungsmarker und oxidiertes LDL-Cholesterin.<\/p>\n<p>Warum ist die Kombination so entscheidend? Vitamin D f\u00f6rdert die Calciumaufnahme. K2 aktiviert das Protein <strong>MGP<\/strong>, das wie ein Verkehrspolizist wirkt. Es lenkt das Calcium in die Knochen und verhindert gef\u00e4hrliche Ablagerungen in gestressten Blutgef\u00e4\u00dfen. Gerade in den Wintermonaten, in denen das Immunsystem stark beansprucht wird, gewinnt diese Erkenntnis an Bedeutung.<\/p>\n<p>K2 sch\u00fctzt die Gef\u00e4\u00dfe \u2013 besonders bei Risikopatienten<\/p>\n<p>Neue Datenanalysen untermauern einen kritischen Punkt: Die alleinige Einnahme von Vitamin D kann bei einem K2-Mangel kontraproduktiv sein. Es droht die \u201cCalcium-Paradoxie\u201d \u2013 die Knochen entkalken, w\u00e4hrend sich Calcium in den Arterien ablagert.<\/p>\n<p>Experten betonen, dass Vitamin K2 MK-7 das Fortschreiten von <strong>Koronarkalk<\/strong> bei Risikogruppen verlangsamen kann. Das ist besonders f\u00fcr Patienten relevant, die Statine einnehmen oder eine Vorgeschichte mit Herz-Kreislauf-Erkrankungen haben.<\/p>\n<p>Ohne ausreichend K2 bleiben die sch\u00fctzenden Proteine inaktiv. Das Risiko f\u00fcr Arteriosklerose steigt dann m\u00f6glicherweise gerade deshalb, weil der Vitamin-D-Spiegel k\u00fcnstlich angehoben wird.<\/p>\n<p>Markt w\u00e4chst mit wissenschaftlichen Erkenntnissen<\/p>\n<p>Die wissenschaftlichen Fortschritte treiben den Markt an. W\u00e4hrend der Markt f\u00fcr reines Vitamin D ges\u00e4ttigt ist, verzeichnen <strong>Kombinationspr\u00e4parate<\/strong> mit D3 und K2 MK-7 zweistellige Zuwachsraten.<\/p>\n<p>Gro\u00dfe Hersteller passen ihre Formulierungen massiv an die neuen CRN-Standards an. Der Trend geht weg von der Gie\u00dfkannen-Methode hin zu pr\u00e4zisen, evidenzbasierten Dosierungen.<\/p>\n<p>Auch die Zielgruppe \u00e4ndert sich: Vitamin K2 ist kein Thema mehr nur f\u00fcr die Osteoporose-Pr\u00e4vention bei \u00e4lteren Frauen. Es wird zunehmend als essenzieller N\u00e4hrstoff f\u00fcr kardiovaskul\u00e4re Gesundheit und sportliche Leistungsf\u00e4higkeit bei j\u00fcngeren Menschen positioniert.<\/p>\n<p>Der Weg zur personalisierten N\u00e4hrstoff-Therapie<\/p>\n<p>F\u00fcr das weitere Jahr 2026 erwarten Experten eine Zunahme personalisierter Empfehlungen. Weitere Fachgesellschaften d\u00fcrften ihre Leitlinien aktualisieren, um das optimale Verh\u00e4ltnis von Vitamin D zu K2 genauer zu definieren.<\/p>\n<p>Die Forschung konzentriert sich nun auf genetische Unterschiede im Vitamin-K-Stoffwechsel. Kommerzielle Tests, die den individuellen K2-Bedarf ermitteln, k\u00f6nnten noch in diesem Jahr verf\u00fcgbar werden. Bis dahin bleibt die Botschaft klar: Vitamin D sollte nicht mehr ohne seinen wichtigsten Partner gedacht werden.<\/p>\n<p>Anzeige<\/p>\n<p>PS: Wer seine Vitamin\u2011D\u2011\/K2\u2011Therapie ernst nimmt, sollte seine Laborwerte verstehen. Der Gratis\u2011Report \u201cLaborwerte\u2011Selbstcheck\u201d liefert klare Erkl\u00e4rungen, praktische Einordnung wichtiger Blutmarker und konkrete Handlungsempfehlungen \u2014 von Cholesterin \u00fcber Calcium bis zu Vitalstoff\u2011Profilen. Besonders hilfreich f\u00fcr Menschen mit Herz\u2011Kreislauf\u2011Risiken, Statintherapie oder Long\u2011COVID\u2011Symptomen, die Dosierung und Sicherheit optimieren wollen. <strong><a href=\"https:\/\/info.gesundheitswissen-aktuell.de\/laborwerte-selbstcheck\/?af=KOOP_G_TG_DNV_YES_LABORWERTE-SELBSTCHECK_X-CWAHN-BGPID_710268\" rel=\"noopener nofollow\" style=\"color: #337ab7 !important; font-weight: bold; text-decoration: underline;\" target=\"_blank\">Jetzt gratis Laborwerte\u2011Report herunterladen<\/a><\/strong><\/p>\n","protected":false},"excerpt":{"rendered":"Neue wissenschaftliche Grenzwerte f\u00fcr Vitamin K2 erm\u00f6glichen h\u00f6here Dosierungen. Die Kombination mit Vitamin D zeigt zudem positive Effekte&hellip;\n","protected":false},"author":2,"featured_media":687176,"comment_status":"","ping_status":"","sticky":false,"template":"","format":"standard","meta":{"footnotes":""},"categories":[137],"tags":[29,159132,61554,30,141,114038,232,12229,80634,28985,159131,798],"class_list":{"0":"post-687175","1":"post","2":"type-post","3":"status-publish","4":"format-standard","5":"has-post-thumbnail","7":"category-gesundheit","8":"tag-deutschland","9":"tag-dosierungen","10":"tag-effekte","11":"tag-germany","12":"tag-gesundheit","13":"tag-grenzwerte","14":"tag-health","15":"tag-herz-kreislauf-erkrankungen","16":"tag-kombination","17":"tag-long-covid","18":"tag-standardpartner","19":"tag-vitamin"},"share_on_mastodon":{"url":"https:\/\/pubeurope.com\/@de\/115824462698910493","error":""},"_links":{"self":[{"href":"https:\/\/www.europesays.com\/de\/wp-json\/wp\/v2\/posts\/687175","targetHints":{"allow":["GET"]}}],"collection":[{"href":"https:\/\/www.europesays.com\/de\/wp-json\/wp\/v2\/posts"}],"about":[{"href":"https:\/\/www.europesays.com\/de\/wp-json\/wp\/v2\/types\/post"}],"author":[{"embeddable":true,"href":"https:\/\/www.europesays.com\/de\/wp-json\/wp\/v2\/users\/2"}],"replies":[{"embeddable":true,"href":"https:\/\/www.europesays.com\/de\/wp-json\/wp\/v2\/comments?post=687175"}],"version-history":[{"count":0,"href":"https:\/\/www.europesays.com\/de\/wp-json\/wp\/v2\/posts\/687175\/revisions"}],"wp:featuredmedia":[{"embeddable":true,"href":"https:\/\/www.europesays.com\/de\/wp-json\/wp\/v2\/media\/687176"}],"wp:attachment":[{"href":"https:\/\/www.europesays.com\/de\/wp-json\/wp\/v2\/media?parent=687175"}],"wp:term":[{"taxonomy":"category","embeddable":true,"href":"https:\/\/www.europesays.com\/de\/wp-json\/wp\/v2\/categories?post=687175"},{"taxonomy":"post_tag","embeddable":true,"href":"https:\/\/www.europesays.com\/de\/wp-json\/wp\/v2\/tags?post=687175"}],"curies":[{"name":"wp","href":"https:\/\/api.w.org\/{rel}","templated":true}]}}