{"id":687179,"date":"2026-01-02T08:04:15","date_gmt":"2026-01-02T08:04:15","guid":{"rendered":"https:\/\/www.europesays.com\/de\/687179\/"},"modified":"2026-01-02T08:04:15","modified_gmt":"2026-01-02T08:04:15","slug":"quoten-niederlage-fuer-kiewel-kerner-im-silvester-duell","status":"publish","type":"post","link":"https:\/\/www.europesays.com\/de\/687179\/","title":{"rendered":"Quoten-Niederlage f\u00fcr Kiewel &#038; Kerner im Silvester-Duell"},"content":{"rendered":"<p>                                                                        Das junge Publikum zieht ZDF-Silvestershow vor<\/p>\n<p>Grund zur Freude d\u00fcrfte es bei dem \u00f6ffentlich-rechtlichen Sender aus Mainz dennoch geben. Schaut man sich n\u00e4mlich die werberelevante Zielgruppe der 14- bis 49-J\u00e4hrigen an, sieht die ganze Sache schon ganz anders aus.<\/p>\n<p>Beim jungen Publikum hatte das ZDF die Nase vorn. Mit 0,76 Millionen Zuschauern und einem erfreulichen Marktanteil von 21,8 Prozent holte die Silvestershow mit Johannes B. Kerner und Andrea Kiewel in der jungen Zielgruppe sogar den Primetime-Sieg. Beim &#8222;Silvester-Schlagerbooom&#8220; schaltenen noch 0,54 Millionen 14- bis 49-J\u00e4hrige ein. Das entspricht einem Marktanteil von 15,4 Prozent.<\/p>\n<p>Nicht nur vorm TV: Auch vor Ort <a href=\"https:\/\/www.tvspielfilm.de\/news\/tv\/tote-hose-in-hamburg-zuschauer-andrang-fuer-zdf-silvestershow-bleibt-aus,13237390,ApplicationArticle.html\" target=\"_blank\" rel=\"noopener\">blieb der Zuschauer-Andrang f\u00fcr die ZDF-Silvestershow aus<\/a>.<\/p>\n","protected":false},"excerpt":{"rendered":"Das junge Publikum zieht ZDF-Silvestershow vor Grund zur Freude d\u00fcrfte es bei dem \u00f6ffentlich-rechtlichen Sender aus Mainz dennoch&hellip;\n","protected":false},"author":2,"featured_media":687180,"comment_status":"","ping_status":"","sticky":false,"template":"","format":"standard","meta":{"footnotes":""},"categories":[155],"tags":[8519,29,214,17942,30,2497,10063,158830,215,159134,159133],"class_list":{"0":"post-687179","1":"post","2":"type-post","3":"status-publish","4":"format-standard","5":"has-post-thumbnail","7":"category-unterhaltung","8":"tag-andrea-kiewel","9":"tag-deutschland","10":"tag-entertainment","11":"tag-florian-silbereisen","12":"tag-germany","13":"tag-johannes-b-kerner","14":"tag-quoten","15":"tag-silvester-schlagerbooom","16":"tag-unterhaltung","17":"tag-willkommen-2026","18":"tag-zdf-silvestershow"},"share_on_mastodon":{"url":"https:\/\/pubeurope.com\/@de\/115824470524767873","error":""},"_links":{"self":[{"href":"https:\/\/www.europesays.com\/de\/wp-json\/wp\/v2\/posts\/687179","targetHints":{"allow":["GET"]}}],"collection":[{"href":"https:\/\/www.europesays.com\/de\/wp-json\/wp\/v2\/posts"}],"about":[{"href":"https:\/\/www.europesays.com\/de\/wp-json\/wp\/v2\/types\/post"}],"author":[{"embeddable":true,"href":"https:\/\/www.europesays.com\/de\/wp-json\/wp\/v2\/users\/2"}],"replies":[{"embeddable":true,"href":"https:\/\/www.europesays.com\/de\/wp-json\/wp\/v2\/comments?post=687179"}],"version-history":[{"count":0,"href":"https:\/\/www.europesays.com\/de\/wp-json\/wp\/v2\/posts\/687179\/revisions"}],"wp:featuredmedia":[{"embeddable":true,"href":"https:\/\/www.europesays.com\/de\/wp-json\/wp\/v2\/media\/687180"}],"wp:attachment":[{"href":"https:\/\/www.europesays.com\/de\/wp-json\/wp\/v2\/media?parent=687179"}],"wp:term":[{"taxonomy":"category","embeddable":true,"href":"https:\/\/www.europesays.com\/de\/wp-json\/wp\/v2\/categories?post=687179"},{"taxonomy":"post_tag","embeddable":true,"href":"https:\/\/www.europesays.com\/de\/wp-json\/wp\/v2\/tags?post=687179"}],"curies":[{"name":"wp","href":"https:\/\/api.w.org\/{rel}","templated":true}]}}