{"id":687195,"date":"2026-01-02T08:15:11","date_gmt":"2026-01-02T08:15:11","guid":{"rendered":"https:\/\/www.europesays.com\/de\/687195\/"},"modified":"2026-01-02T08:15:11","modified_gmt":"2026-01-02T08:15:11","slug":"der-neue-film-von-sandra-hueller-die-camper-messe-in-chemnitz-und-eine-wanderung-im-oberen-vogtland","status":"publish","type":"post","link":"https:\/\/www.europesays.com\/de\/687195\/","title":{"rendered":"Der neue Film von Sandra H\u00fcller, die Camper-Messe in Chemnitz und eine Wanderung im oberen Vogtland"},"content":{"rendered":"<p class=\"bold\">\n\t\t\t\t\t\t\t\t\t\tDen Film \u201eAnatomie eines Falls\u201c mit Sandra H\u00fcller gibt es endlich in der Mediathek. Camper-Fans sind auf der Messe \u201eReisen &amp; Caravaning\u201c richtig. Wer \u00fcber die Feiertage zu viel gegessen hat, kann sich auf einer Wanderung entspannen oder sich zum Deb\u00fctalbum von Headless Rooster durchsch\u00fctteln. Vier Tipps zum Drinbleiben und Rausgehen.\t\t\t\t<\/p>\n<p>\t\t\t\t Von Leipzig nach Hollywood: Sandra H\u00fcller hat l\u00e4ngst die internationalen Leinw\u00e4nde erobert. F\u00fcr ihre Hauptrolle in \u201eAnatomie eines Falls\u201c (2023) wurde sie f\u00fcr einen Oscar nominiert \u2013 an der Seite von Stars wie Emma Stone. In dem Justizdrama spielt H\u00fcller eine Autorin, die unter Mordverdacht ger\u00e4t: Ihr Ehemann ist tot, die&#8230;<\/p>\n<p>\t\t<img decoding=\"async\" class=\"fp-plus-logo\" src=\"https:\/\/www.freiepresse.de\/img\/fpplus.svg\" alt=\"Freie Presse plus Logo\"\/><\/p>\n<p>Registrieren und testen.<\/p>\n<p>Jetzt mit Ihrer Registrierung 1 Monat gratis testen und alle Beitr\u00e4ge lesen.<\/p>\n<p>Schon Abonnent? Melden Sie sich mit ihren Zugangsdaten an.<\/p>\n","protected":false},"excerpt":{"rendered":"Den Film \u201eAnatomie eines Falls\u201c mit Sandra H\u00fcller gibt es endlich in der Mediathek. Camper-Fans sind auf der&hellip;\n","protected":false},"author":2,"featured_media":687196,"comment_status":"","ping_status":"","sticky":false,"template":"","format":"standard","meta":{"footnotes":""},"categories":[1851],"tags":[2770,3364,29,548,663,3934,30,13,14,15,859,12,3866],"class_list":{"0":"post-687195","1":"post","2":"type-post","3":"status-publish","4":"format-standard","5":"has-post-thumbnail","7":"category-chemnitz","8":"tag-chemnitz","9":"tag-de","10":"tag-deutschland","11":"tag-eu","12":"tag-europa","13":"tag-europe","14":"tag-germany","15":"tag-headlines","16":"tag-nachrichten","17":"tag-news","18":"tag-sachsen","19":"tag-schlagzeilen","20":"tag-veranstaltungen"},"share_on_mastodon":{"url":"https:\/\/pubeurope.com\/@de\/115824514220811377","error":""},"_links":{"self":[{"href":"https:\/\/www.europesays.com\/de\/wp-json\/wp\/v2\/posts\/687195","targetHints":{"allow":["GET"]}}],"collection":[{"href":"https:\/\/www.europesays.com\/de\/wp-json\/wp\/v2\/posts"}],"about":[{"href":"https:\/\/www.europesays.com\/de\/wp-json\/wp\/v2\/types\/post"}],"author":[{"embeddable":true,"href":"https:\/\/www.europesays.com\/de\/wp-json\/wp\/v2\/users\/2"}],"replies":[{"embeddable":true,"href":"https:\/\/www.europesays.com\/de\/wp-json\/wp\/v2\/comments?post=687195"}],"version-history":[{"count":0,"href":"https:\/\/www.europesays.com\/de\/wp-json\/wp\/v2\/posts\/687195\/revisions"}],"wp:featuredmedia":[{"embeddable":true,"href":"https:\/\/www.europesays.com\/de\/wp-json\/wp\/v2\/media\/687196"}],"wp:attachment":[{"href":"https:\/\/www.europesays.com\/de\/wp-json\/wp\/v2\/media?parent=687195"}],"wp:term":[{"taxonomy":"category","embeddable":true,"href":"https:\/\/www.europesays.com\/de\/wp-json\/wp\/v2\/categories?post=687195"},{"taxonomy":"post_tag","embeddable":true,"href":"https:\/\/www.europesays.com\/de\/wp-json\/wp\/v2\/tags?post=687195"}],"curies":[{"name":"wp","href":"https:\/\/api.w.org\/{rel}","templated":true}]}}