{"id":687244,"date":"2026-01-02T08:44:27","date_gmt":"2026-01-02T08:44:27","guid":{"rendered":"https:\/\/www.europesays.com\/de\/687244\/"},"modified":"2026-01-02T08:44:27","modified_gmt":"2026-01-02T08:44:27","slug":"bonn-unruhige-silvesternacht-fuer-einsatzkraefte","status":"publish","type":"post","link":"https:\/\/www.europesays.com\/de\/687244\/","title":{"rendered":"Bonn: Unruhige Silvesternacht f\u00fcr Einsatzkr\u00e4fte"},"content":{"rendered":"<p>Am schlimmsten war die Lage in den n\u00f6rdlichen Stadtteilen, darunter Dransdorf und Tannenbusch. Hier brannte es immer wieder an verschiedenen Stellen auf der Stra\u00dfe, darunter M\u00fclleimer und Container. Dabei wurde die Arbeit der Feuerwehrleute immer wieder von verschiedenen Personengruppen behindert. Sie beschossen die Einsatzfahrzeuge und Mitarbeiter mit Raketen und B\u00f6llern &#8211; teilweise war ein L\u00f6schen nur mit Unterst\u00fctzung der Polizei m\u00f6glich. Auch in Bonn Beuel musste die Feuerwehr mehrmals ausr\u00fccken &#8211; hier hatte es in einer Garage und auf dem Gel\u00e4nde einer ehemaligen Schule gebrannt. Nach Angaben der Feuerwehr wird die Lage an Silvester immer unruhiger und intensiver &#8211; die Einsatzzahlen waren auch diesmal wieder nach oben gegangen. Im Rhein-Sieg-Kreis war die Silvesternacht nach Angaben der Feuerwehr \u00fcberwiegend ruhig verlaufen.<\/p>\n<p>\u00a0<\/p>\n","protected":false},"excerpt":{"rendered":"Am schlimmsten war die Lage in den n\u00f6rdlichen Stadtteilen, darunter Dransdorf und Tannenbusch. Hier brannte es immer wieder&hellip;\n","protected":false},"author":2,"featured_media":687245,"comment_status":"","ping_status":"","sticky":false,"template":"","format":"standard","meta":{"footnotes":""},"categories":[1842],"tags":[9145,30060,1741,3364,29,985,30,1209,121,2281],"class_list":{"0":"post-687244","1":"post","2":"type-post","3":"status-publish","4":"format-standard","5":"has-post-thumbnail","7":"category-bonn","8":"tag-brnde","9":"tag-rettungskrfte","10":"tag-bonn","11":"tag-de","12":"tag-deutschland","13":"tag-feuerwehr","14":"tag-germany","15":"tag-nordrhein-westfalen","16":"tag-polizei","17":"tag-silvester"},"share_on_mastodon":{"url":"https:\/\/pubeurope.com\/@de\/115824627801666419","error":""},"_links":{"self":[{"href":"https:\/\/www.europesays.com\/de\/wp-json\/wp\/v2\/posts\/687244","targetHints":{"allow":["GET"]}}],"collection":[{"href":"https:\/\/www.europesays.com\/de\/wp-json\/wp\/v2\/posts"}],"about":[{"href":"https:\/\/www.europesays.com\/de\/wp-json\/wp\/v2\/types\/post"}],"author":[{"embeddable":true,"href":"https:\/\/www.europesays.com\/de\/wp-json\/wp\/v2\/users\/2"}],"replies":[{"embeddable":true,"href":"https:\/\/www.europesays.com\/de\/wp-json\/wp\/v2\/comments?post=687244"}],"version-history":[{"count":0,"href":"https:\/\/www.europesays.com\/de\/wp-json\/wp\/v2\/posts\/687244\/revisions"}],"wp:featuredmedia":[{"embeddable":true,"href":"https:\/\/www.europesays.com\/de\/wp-json\/wp\/v2\/media\/687245"}],"wp:attachment":[{"href":"https:\/\/www.europesays.com\/de\/wp-json\/wp\/v2\/media?parent=687244"}],"wp:term":[{"taxonomy":"category","embeddable":true,"href":"https:\/\/www.europesays.com\/de\/wp-json\/wp\/v2\/categories?post=687244"},{"taxonomy":"post_tag","embeddable":true,"href":"https:\/\/www.europesays.com\/de\/wp-json\/wp\/v2\/tags?post=687244"}],"curies":[{"name":"wp","href":"https:\/\/api.w.org\/{rel}","templated":true}]}}