{"id":687257,"date":"2026-01-02T08:51:10","date_gmt":"2026-01-02T08:51:10","guid":{"rendered":"https:\/\/www.europesays.com\/de\/687257\/"},"modified":"2026-01-02T08:51:10","modified_gmt":"2026-01-02T08:51:10","slug":"brandalarm-in-dresdner-pflegeheim-feuerwehr-rueckt-mit-grossaufgebot-aus","status":"publish","type":"post","link":"https:\/\/www.europesays.com\/de\/687257\/","title":{"rendered":"Brandalarm in Dresdner Pflegeheim &#8211; Feuerwehr r\u00fcckt mit Gro\u00dfaufgebot aus"},"content":{"rendered":"<p class=\"text\">\nIn Dresden ist die Feuerwehr am Donnerstagabend zu einem Gro\u00dfeinsatz in einem Pflegeheim ausger\u00fcckt. Nach Angaben der Leitstelle waren in einem Lichtschacht aus noch unbekannter Ursache Abfall und Laub in Brand geraten. Verletzt wurde niemand, wie die Feuerwehr mitteilte. Der dichte Rauch zog in den Keller des Pflegeheims und l\u00f6ste die automatische Brandmeldeanlage aus. Die Feuerwehr konnte die Flammen schnell l\u00f6schen.\n<\/p>\n<p class=\"text\">\nDie 90 Bewohner mussten das Pflegeheim nicht verlassen. Insgesamt waren 60 Einsatzkr\u00e4fte von Dresdner Feuer- und Rettungswachen vor Ort. Da zun\u00e4chst nicht klar war, ob das Haus evakuiert werden muss, wurde ein Massenanfall von Verletzten ausgel\u00f6st.<\/p>\n","protected":false},"excerpt":{"rendered":"In Dresden ist die Feuerwehr am Donnerstagabend zu einem Gro\u00dfeinsatz in einem Pflegeheim ausger\u00fcckt. Nach Angaben der Leitstelle&hellip;\n","protected":false},"author":2,"featured_media":687258,"comment_status":"","ping_status":"","sticky":false,"template":"","format":"standard","meta":{"footnotes":""},"categories":[1835],"tags":[3364,29,2386,985,30,81,14,6580,859],"class_list":{"0":"post-687257","1":"post","2":"type-post","3":"status-publish","4":"format-standard","5":"has-post-thumbnail","7":"category-dresden","8":"tag-de","9":"tag-deutschland","10":"tag-dresden","11":"tag-feuerwehr","12":"tag-germany","13":"tag-mdr","14":"tag-nachrichten","15":"tag-pflegeheim","16":"tag-sachsen"},"share_on_mastodon":{"url":"https:\/\/pubeurope.com\/@de\/115824655428733067","error":""},"_links":{"self":[{"href":"https:\/\/www.europesays.com\/de\/wp-json\/wp\/v2\/posts\/687257","targetHints":{"allow":["GET"]}}],"collection":[{"href":"https:\/\/www.europesays.com\/de\/wp-json\/wp\/v2\/posts"}],"about":[{"href":"https:\/\/www.europesays.com\/de\/wp-json\/wp\/v2\/types\/post"}],"author":[{"embeddable":true,"href":"https:\/\/www.europesays.com\/de\/wp-json\/wp\/v2\/users\/2"}],"replies":[{"embeddable":true,"href":"https:\/\/www.europesays.com\/de\/wp-json\/wp\/v2\/comments?post=687257"}],"version-history":[{"count":0,"href":"https:\/\/www.europesays.com\/de\/wp-json\/wp\/v2\/posts\/687257\/revisions"}],"wp:featuredmedia":[{"embeddable":true,"href":"https:\/\/www.europesays.com\/de\/wp-json\/wp\/v2\/media\/687258"}],"wp:attachment":[{"href":"https:\/\/www.europesays.com\/de\/wp-json\/wp\/v2\/media?parent=687257"}],"wp:term":[{"taxonomy":"category","embeddable":true,"href":"https:\/\/www.europesays.com\/de\/wp-json\/wp\/v2\/categories?post=687257"},{"taxonomy":"post_tag","embeddable":true,"href":"https:\/\/www.europesays.com\/de\/wp-json\/wp\/v2\/tags?post=687257"}],"curies":[{"name":"wp","href":"https:\/\/api.w.org\/{rel}","templated":true}]}}