{"id":687292,"date":"2026-01-02T09:09:09","date_gmt":"2026-01-02T09:09:09","guid":{"rendered":"https:\/\/www.europesays.com\/de\/687292\/"},"modified":"2026-01-02T09:09:09","modified_gmt":"2026-01-02T09:09:09","slug":"reparatur-an-signaltechnik-zugausfaelle-und-verspaetungen","status":"publish","type":"post","link":"https:\/\/www.europesays.com\/de\/687292\/","title":{"rendered":"Reparatur an Signaltechnik &#8211; Zugausf\u00e4lle und Versp\u00e4tungen"},"content":{"rendered":"<p class=\"paragraph tw-mx-auto tw-mb-6\">Die <a class=\"rtr-entity\" data-rtr-entity=\"Deutsche Bahn\" data-rtr-id=\"2c8485399ba5853abb187a70d476d39491b77207\" data-rtr-score=\"14.792332268370608\" data-rtr-etype=\"organisation\" data-rtr-index=\"1\" href=\"https:\/\/www.schwaebische.de\/thema\/deutsche-bahn\" target=\"_blank\" rel=\"noopener\">Deutsche Bahn<\/a> meldet Einschr\u00e4nkungen am M\u00fcnchner Hauptbahnhof. Der Grund seien Reparaturen an der Signaltechnik, die wegen eines Kabelschadens notwendig geworden seien.\u00a0<\/p>\n<p class=\"paragraph tw-mx-auto tw-mb-6\">Betroffen ist die Strecke zwischen M\u00fcnchen und Landshut: Z\u00fcge aus Richtung Regensburg beziehungsweise Hof enden laut Bahn bereits in Landshut und fahren nicht weiter bis M\u00fcnchen. Die Z\u00fcge der Linie RE3 fahren, werden zwischen Freising und M\u00fcnchen-Hauptbahnhof jedoch umgeleitet.<\/p>\n<p class=\"paragraph tw-mx-auto tw-mb-6\">Auf der Strecke zwischen Buchlohe und M\u00fcnchen fallen einige Z\u00fcge aus, andere fahren regul\u00e4r. Z\u00fcge, die aus Richtung Garmisch-Partenkirchen\/Weilheim\/Kochel Richtung M\u00fcnchen unterwegs sind, fahren den Angaben zufolge nur bis Starnberg. Die Fahrg\u00e4ste sollen in die S-Bahn wechseln.<\/p>\n<p class=\"paragraph tw-mx-auto tw-mb-6\">Wegen der technischen St\u00f6rung sei mit Versp\u00e4tungen zu rechnen, zudem k\u00f6nnten Z\u00fcge der betroffenen Strecken kurzfristig ausfallen, hie\u00df es weiter. Die Arbeiten sollten am Abend abgeschlossen sein.<\/p>\n","protected":false},"excerpt":{"rendered":"Die Deutsche Bahn meldet Einschr\u00e4nkungen am M\u00fcnchner Hauptbahnhof. Der Grund seien Reparaturen an der Signaltechnik, die wegen eines&hellip;\n","protected":false},"author":2,"featured_media":687293,"comment_status":"","ping_status":"","sticky":false,"template":"","format":"standard","meta":{"footnotes":""},"categories":[1827],"tags":[1739,772,29,30,1268,601],"class_list":{"0":"post-687292","1":"post","2":"type-post","3":"status-publish","4":"format-standard","5":"has-post-thumbnail","7":"category-muenchen","8":"tag-bahn","9":"tag-bayern","10":"tag-deutschland","11":"tag-germany","12":"tag-muenchen","13":"tag-verkehr"},"share_on_mastodon":{"url":"https:\/\/pubeurope.com\/@de\/115824726150043879","error":""},"_links":{"self":[{"href":"https:\/\/www.europesays.com\/de\/wp-json\/wp\/v2\/posts\/687292","targetHints":{"allow":["GET"]}}],"collection":[{"href":"https:\/\/www.europesays.com\/de\/wp-json\/wp\/v2\/posts"}],"about":[{"href":"https:\/\/www.europesays.com\/de\/wp-json\/wp\/v2\/types\/post"}],"author":[{"embeddable":true,"href":"https:\/\/www.europesays.com\/de\/wp-json\/wp\/v2\/users\/2"}],"replies":[{"embeddable":true,"href":"https:\/\/www.europesays.com\/de\/wp-json\/wp\/v2\/comments?post=687292"}],"version-history":[{"count":0,"href":"https:\/\/www.europesays.com\/de\/wp-json\/wp\/v2\/posts\/687292\/revisions"}],"wp:featuredmedia":[{"embeddable":true,"href":"https:\/\/www.europesays.com\/de\/wp-json\/wp\/v2\/media\/687293"}],"wp:attachment":[{"href":"https:\/\/www.europesays.com\/de\/wp-json\/wp\/v2\/media?parent=687292"}],"wp:term":[{"taxonomy":"category","embeddable":true,"href":"https:\/\/www.europesays.com\/de\/wp-json\/wp\/v2\/categories?post=687292"},{"taxonomy":"post_tag","embeddable":true,"href":"https:\/\/www.europesays.com\/de\/wp-json\/wp\/v2\/tags?post=687292"}],"curies":[{"name":"wp","href":"https:\/\/api.w.org\/{rel}","templated":true}]}}