{"id":687373,"date":"2026-01-02T09:57:12","date_gmt":"2026-01-02T09:57:12","guid":{"rendered":"https:\/\/www.europesays.com\/de\/687373\/"},"modified":"2026-01-02T09:57:12","modified_gmt":"2026-01-02T09:57:12","slug":"wichtiger-schritt-bei-einfuehrung-von-e-baumaschinen-in-frankreich","status":"publish","type":"post","link":"https:\/\/www.europesays.com\/de\/687373\/","title":{"rendered":"Wichtiger Schritt bei Einf\u00fchrung von E-Baumaschinen in Frankreich"},"content":{"rendered":"<p class=\"bfz-article-paragraph\">\u201eDie Einf\u00fchrung des ersten L120-Elektroladers in Frankreich ist ein entscheidender Moment in der Energiewende unserer Branche\u201c, sagt Davy Guillemard, Pr\u00e4sident von Volvo CE Frankreich. \u201eDieser Wandel kann jedoch nicht allein gelingen \u2013 er ist auf starke H\u00e4ndler, zukunftsorientierte Energiepartner und Kunden angewiesen, deren Entscheidungen das Tempo des Wandels bestimmen.\u201c Diese Partnerschaft zeige, dass emissionsfreie Maschinen die Leistung, Produktivit\u00e4t und Zuverl\u00e4ssigkeit bieten k\u00f6nnen, die Kunden erwarten. \u201eWir sind stolz darauf, einen Partner wie die Roger Martin Gruppe zu unterst\u00fctzen, der mit gutem Beispiel vorangeht, und sind \u00fcberzeugt, dass diese erste Maschine ihm langfristigen Erfolg bringen wird.\u201c<\/p>\n","protected":false},"excerpt":{"rendered":"\u201eDie Einf\u00fchrung des ersten L120-Elektroladers in Frankreich ist ein entscheidender Moment in der Energiewende unserer Branche\u201c, sagt Davy&hellip;\n","protected":false},"author":2,"featured_media":687374,"comment_status":"","ping_status":"","sticky":false,"template":"","format":"standard","meta":{"footnotes":""},"categories":[3974],"tags":[331,332,548,663,3934,3980,156,13,14,15,12],"class_list":{"0":"post-687373","1":"post","2":"type-post","3":"status-publish","4":"format-standard","5":"has-post-thumbnail","7":"category-frankreich","8":"tag-aktuelle-nachrichten","9":"tag-aktuelle-news","10":"tag-eu","11":"tag-europa","12":"tag-europe","13":"tag-france","14":"tag-frankreich","15":"tag-headlines","16":"tag-nachrichten","17":"tag-news","18":"tag-schlagzeilen"},"share_on_mastodon":{"url":"https:\/\/pubeurope.com\/@de\/115824914728108561","error":""},"_links":{"self":[{"href":"https:\/\/www.europesays.com\/de\/wp-json\/wp\/v2\/posts\/687373","targetHints":{"allow":["GET"]}}],"collection":[{"href":"https:\/\/www.europesays.com\/de\/wp-json\/wp\/v2\/posts"}],"about":[{"href":"https:\/\/www.europesays.com\/de\/wp-json\/wp\/v2\/types\/post"}],"author":[{"embeddable":true,"href":"https:\/\/www.europesays.com\/de\/wp-json\/wp\/v2\/users\/2"}],"replies":[{"embeddable":true,"href":"https:\/\/www.europesays.com\/de\/wp-json\/wp\/v2\/comments?post=687373"}],"version-history":[{"count":0,"href":"https:\/\/www.europesays.com\/de\/wp-json\/wp\/v2\/posts\/687373\/revisions"}],"wp:featuredmedia":[{"embeddable":true,"href":"https:\/\/www.europesays.com\/de\/wp-json\/wp\/v2\/media\/687374"}],"wp:attachment":[{"href":"https:\/\/www.europesays.com\/de\/wp-json\/wp\/v2\/media?parent=687373"}],"wp:term":[{"taxonomy":"category","embeddable":true,"href":"https:\/\/www.europesays.com\/de\/wp-json\/wp\/v2\/categories?post=687373"},{"taxonomy":"post_tag","embeddable":true,"href":"https:\/\/www.europesays.com\/de\/wp-json\/wp\/v2\/tags?post=687373"}],"curies":[{"name":"wp","href":"https:\/\/api.w.org\/{rel}","templated":true}]}}