{"id":687375,"date":"2026-01-02T09:59:14","date_gmt":"2026-01-02T09:59:14","guid":{"rendered":"https:\/\/www.europesays.com\/de\/687375\/"},"modified":"2026-01-02T09:59:14","modified_gmt":"2026-01-02T09:59:14","slug":"bundespraesident-beschwoert-europa-patriotismus-noen-at","status":"publish","type":"post","link":"https:\/\/www.europesays.com\/de\/687375\/","title":{"rendered":"Bundespr\u00e4sident beschw\u00f6rt &#8222;Europa-Patriotismus&#8220; &#8211; N\u00d6N.at"},"content":{"rendered":"<p>        <img decoding=\"async\" src=\"https:\/\/www.europesays.com\/de\/wp-content\/uploads\/2026\/01\/63690011490345742_BLD_Online.jpg\" data-fullscreen-src=\"https:\/\/www.noen.at\/image\/3840x0-jpg\/6173650\/63690011490345742_BLD_Online.jpg\" bad-src=\"https:\/\/www.europesays.com\/de\/wp-content\/uploads\/2026\/01\/63690011490345742_BLD_Online.jpg\" data-teaser-member=\"image\" alt=\"Ruft zu Reformen auf: Van der Bellen\"\/><\/p>\n<p>\n                Ruft zu Reformen auf: Van der Bellen            <\/p>\n<p>\n                Foto:<br \/>\n                APA\/HBF                            <\/p>\n<p>\n        <strong>B<\/strong>undespr\u00e4sident Alexander Van der Bellen hat in seiner Neujahrsansprache angesichts der sich ver\u00e4nderten Weltlage zur Entwicklung eines &#8222;Europa-Patriotismus&#8220; aufgerufen. &#8222;Unser Europa ist ein Ort, um den uns viele, sehr viele Menschen beneiden. Lassen wir uns dieses Europa nicht schlechtreden&#8220;, meinte das Staatsoberhaupt in seiner Rede, die Donnerstagabend im ORF ausgestrahlt wird. &#8222;Es ist wichtig, dass wir weiter an die europ\u00e4ische Idee glauben&#8220;, so Van der Bellen.    <\/p>\n<p>Daf\u00fcr brauche es Zusammenhalt. Schlie\u00dflich wolle man Europa &#8222;von au\u00dfen teilen&#8220;, um wirtschaftlich und politisch dar\u00fcber zu herrschen, betonte der Bundespr\u00e4sident: &#8222;Ganz nach imperialer Manier.&#8220; Es sei viel einfacher, &#8222;einzelne kleine Staaten zu dominieren als einen Staatenbund wie die EU mit \u00fcber 450 Millionen Menschen&#8220;.<\/p>\n","protected":false},"excerpt":{"rendered":"Ruft zu Reformen auf: Van der Bellen Foto: APA\/HBF Bundespr\u00e4sident Alexander Van der Bellen hat in seiner Neujahrsansprache&hellip;\n","protected":false},"author":2,"featured_media":687376,"comment_status":"","ping_status":"","sticky":false,"template":"","format":"standard","meta":{"footnotes":"","_share_on_mastodon":"0"},"categories":[3933],"tags":[2064,331,332,14489,548,663,158,3934,3935,13,14,15,1433,68103,12,9986],"class_list":["post-687375","post","type-post","status-publish","format-standard","has-post-thumbnail","category-eu","tag-_apafeed","tag-aktuelle-nachrichten","tag-aktuelle-news","tag-bundespraesident","tag-eu","tag-europa","tag-europaeische-union","tag-europe","tag-european-union","tag-headlines","tag-nachrichten","tag-news","tag-oesterreich","tag-politisches-system","tag-schlagzeilen","tag-staatsoberhaupt"],"share_on_mastodon":{"url":"https:\/\/pubeurope.com\/@de\/115824922802895766","error":""},"_links":{"self":[{"href":"https:\/\/www.europesays.com\/de\/wp-json\/wp\/v2\/posts\/687375","targetHints":{"allow":["GET"]}}],"collection":[{"href":"https:\/\/www.europesays.com\/de\/wp-json\/wp\/v2\/posts"}],"about":[{"href":"https:\/\/www.europesays.com\/de\/wp-json\/wp\/v2\/types\/post"}],"author":[{"embeddable":true,"href":"https:\/\/www.europesays.com\/de\/wp-json\/wp\/v2\/users\/2"}],"replies":[{"embeddable":true,"href":"https:\/\/www.europesays.com\/de\/wp-json\/wp\/v2\/comments?post=687375"}],"version-history":[{"count":0,"href":"https:\/\/www.europesays.com\/de\/wp-json\/wp\/v2\/posts\/687375\/revisions"}],"wp:featuredmedia":[{"embeddable":true,"href":"https:\/\/www.europesays.com\/de\/wp-json\/wp\/v2\/media\/687376"}],"wp:attachment":[{"href":"https:\/\/www.europesays.com\/de\/wp-json\/wp\/v2\/media?parent=687375"}],"wp:term":[{"taxonomy":"category","embeddable":true,"href":"https:\/\/www.europesays.com\/de\/wp-json\/wp\/v2\/categories?post=687375"},{"taxonomy":"post_tag","embeddable":true,"href":"https:\/\/www.europesays.com\/de\/wp-json\/wp\/v2\/tags?post=687375"}],"curies":[{"name":"wp","href":"https:\/\/api.w.org\/{rel}","templated":true}]}}