{"id":687379,"date":"2026-01-02T10:01:14","date_gmt":"2026-01-02T10:01:14","guid":{"rendered":"https:\/\/www.europesays.com\/de\/687379\/"},"modified":"2026-01-02T10:01:14","modified_gmt":"2026-01-02T10:01:14","slug":"weiterer-kaeltebus-in-berlin-angezuendet-tatverdaechtiger-gefasst","status":"publish","type":"post","link":"https:\/\/www.europesays.com\/de\/687379\/","title":{"rendered":"Weiterer K\u00e4ltebus in Berlin angez\u00fcndet: Tatverd\u00e4chtiger gefasst"},"content":{"rendered":"<p>            <img loading=\"lazy\" decoding=\"async\" class=\"ts-image\" src=\"https:\/\/www.europesays.com\/de\/wp-content\/uploads\/2026\/01\/1767348073_140_rbb-audio-rbb24-01-01-2026-georg-stefan-russew-104.jpg\" alt=\"K\u00e4ltebus der Berliner Stadtmission abgefackelt\" title=\"Audio: rbb 88.8 | 02.01.2026 | Toni Schmitt | rbb\"\/><\/p>\n<p class=\"metatextline\">Stand: 02.01.2026 10:08 Uhr<\/p>\n<p class=\"article-head__shorttext\">\n        <strong>Bei einem weiteren Brandanschlag auf einen K\u00e4ltebus der Berliner Stadtmission ist ein Tatverd\u00e4chtiger gefasst worden. Das Fahrzeug ist allerdings fahruntauglich. Erst am Sonntag waren zwei K\u00e4ltebusse angesteckt worden.<\/strong>\n    <\/p>\n<ul class=\"bulletpoint-list \">\n<li>erneut K\u00e4ltebus der Berliner Stadtmission angegriffen<\/li>\n<li>Mitarbeitende der Stadtmission mit Feuerl\u00f6schern zur Stelle<\/li>\n<li>Tatverd\u00e4chtiger in der Lehrter Stra\u00dfe in Moabit gestellt<\/li>\n<li>Mutma\u00dflicher T\u00e4ter soll betrunken gewesen sein<\/li>\n<\/ul>\n<p class=\"textabsatz m-ten m-offset-one l-eight l-offset-two columns twelve\">Der Mann, der an Neujahr einen K\u00e4ltebus der Berliner Stadtmission angez\u00fcndet haben soll, wird am Freitag wohl einem Haftrichter vorgef\u00fchrt. Wie die Polizei mitteilte, sei der mutma\u00dfliche T\u00e4ter betrunken gewesen.<br \/>\u00a0<br \/>Dem 43-j\u00e4hrige Mann wird vorgeworfen, am Donnerstagnachmittag in Moabit einen K\u00e4ltebus der Hilfsorganisation in Brand gesetzt zu haben. Er war von Mitarbeitern der Berliner Stadtmission dabei beobachtet und festgehalten worden. Laut Polizeiangaben habe ein anschlie\u00dfender Alkoholtest einen Promillewert von 1,6 ergeben.<br \/>\u00a0<br \/><a href=\"https:\/\/www.rbb24.de\/panorama\/beitrag\/2025\/12\/berlin-brandstiftung-stadtmission-kaeltebus-.html\" title=\"Ob er auch f\u00fcr die Br\u00e4nde weiterer K\u00e4ltebusse\" class=\"textlink--extern\" target=\"_blank\" rel=\"noopener\">Ob er auch f\u00fcr die Br\u00e4nde weiterer K\u00e4ltebusse<\/a> der Stadtmission verantwortlich ist, werde noch ermittelt, teilte die Polizei mit.<\/p>\n<p>    Berliner Stadtmission: Bus fahruntauglich<\/p>\n<p class=\"textabsatz--contains-image  m-six l-five textabsatz columns twelve\">Den Vorfall an Neujahr hatte die Berliner Stadtmission bereits selbst am Neujahrsabend auf Instagram \u00f6ffentlich gemacht. Ein Mitarbeiter h\u00e4tte gemeinsam mit einer Sicherheitsfirma einen mutma\u00dflichen Tatverd\u00e4chtigen auf frischer Tat ertappt und der Polizei \u00fcbergeben, hie\u00df es da. Die Polizei best\u00e4tigt diese Darstellung. Mit Feuerl\u00f6schern gelang es Mitarbeitenden der Stadtmission den Brand zu l\u00f6schen. Jedoch ist der Bus nun fahruntauglich, so der Hilfsverein.<br \/>\u00a0<br \/>&#8222;Wir sind dankbar, dass der Fall so vermutlich abgeschlossen werden kann und unsere K\u00e4ltebusse und Mitarbeitenden wieder sicher sind&#8220;, hei\u00dft es in der Instagram-Story weiter. Die Kriminalpolizei ermittelt, ob es sich bei dem Mann um denjenigen handelt, der bereits am vergangenen Wochenende zwei K\u00e4ltebusse angez\u00fcndet hatte.<\/p>\n<p class=\"absatzbild__info__text\">\n                        Instagram-Story K\u00e4ltebus\n                    <\/p>\n<p>    Nach erster Attacke erreichte Stadtmission Welle der Solidarit\u00e4t<\/p>\n<p class=\"textabsatz m-ten m-offset-one l-eight l-offset-two columns twelve\">Nach dem Angriff vom vergangen Sonntag erlebte die Berliner Stadtmission eine gro\u00dfe Welle der Solidarit\u00e4t. Die Stiftung der Deutschen Bahn spendete 70.000 Euro f\u00fcr neue Fahrzeuge, die Gebewo lieh der Stadtmission einen Bus. Zahlreiche Privatpersonen und andere Stellen hatten Spendenbereitschaft signalisiert. &#8222;Danke f\u00fcr euren Zuspruch und eure Unterst\u00fctzung die letzten Tage&#8220;, hie\u00df es in der am Donnerstagver\u00f6ffentlichten Instagram-Story.<\/p>\n<p class=\"textabsatz m-ten m-offset-one l-eight l-offset-two columns twelve\">Sozialsenatorin Cansel Kiziltepe (SPD) zeigte sich am vergangenen Sonntag \u00fcber den mutma\u00dflichen Angriff ersch\u00fcttert. &#8222;Wer Fahrzeuge zerst\u00f6rt, die dazu da sind, Menschen vor dem Erfrieren zu sch\u00fctzen, greift nicht nur Sachwerte an, sondern gef\u00e4hrdet unmittelbar Leben&#8220;, teilte die Senatorin auf Instagram mit. &#8222;Die K\u00e4ltebusse sind f\u00fcr viele der letzte Rettungsanker, der Weg in eine warme, sichere Unterkunft. Dass nun genau diese Hilfe mutwillig angegriffen wurde, ist unertr\u00e4glich.&#8220;<br \/>\u00a0<br \/>Die Besch\u00e4digung der Busse sei angesichts der Minusgrade dramatisch und lebensgef\u00e4hrlich f\u00fcr viele Menschen, hatte Stadtmissionsdirektor Christian Ceconi nach dem ersten \u00dcbergiff erkl\u00e4rt. Jede Nacht w\u00fcrden die Stadtmission 120 Anrufe erreichen.<\/p>\n<p class=\"textabsatz m-ten m-offset-one l-eight l-offset-two columns twelve\">Sendung: rbb 88.8, 02.01.2026, 10:00 Uhr<\/p>\n<p>                                        <a class=\"backlink__link\" href=\"https:\/\/www.rbb24.de\/panorama\/beitrag\/2026\/01\/berlin-stadtmission-kaeltebus--schon-wieder-angesteckt.html\" target=\"_blank\" rel=\"noopener\"><\/p>\n<p>                                                <img decoding=\"async\" src=\"https:\/\/images.tagesschau.de\/image\/898f19c3-6760-4be2-a33f-1fa765216ec2\/AAABlap_olM\/AAABmyZDc0k\/original\/lra-rbb-logo-100.svg\" alt=\"Rundfunk Berlin-Brandenburg\"\/><\/p>\n<p>                                        <\/a><\/p>\n","protected":false},"excerpt":{"rendered":"Stand: 02.01.2026 10:08 Uhr Bei einem weiteren Brandanschlag auf einen K\u00e4ltebus der Berliner Stadtmission ist ein Tatverd\u00e4chtiger gefasst&hellip;\n","protected":false},"author":2,"featured_media":687380,"comment_status":"","ping_status":"","sticky":false,"template":"","format":"standard","meta":{"footnotes":""},"categories":[5],"tags":[331,332,296,4852,3364,29,30,13,143033,14,15,12],"class_list":{"0":"post-687379","1":"post","2":"type-post","3":"status-publish","4":"format-standard","5":"has-post-thumbnail","7":"category-nachrichten","8":"tag-aktuelle-nachrichten","9":"tag-aktuelle-news","10":"tag-berlin","11":"tag-brandstiftung","12":"tag-de","13":"tag-deutschland","14":"tag-germany","15":"tag-headlines","16":"tag-kaeltebus","17":"tag-nachrichten","18":"tag-news","19":"tag-schlagzeilen"},"share_on_mastodon":{"url":"https:\/\/pubeurope.com\/@de\/115824930680393810","error":""},"_links":{"self":[{"href":"https:\/\/www.europesays.com\/de\/wp-json\/wp\/v2\/posts\/687379","targetHints":{"allow":["GET"]}}],"collection":[{"href":"https:\/\/www.europesays.com\/de\/wp-json\/wp\/v2\/posts"}],"about":[{"href":"https:\/\/www.europesays.com\/de\/wp-json\/wp\/v2\/types\/post"}],"author":[{"embeddable":true,"href":"https:\/\/www.europesays.com\/de\/wp-json\/wp\/v2\/users\/2"}],"replies":[{"embeddable":true,"href":"https:\/\/www.europesays.com\/de\/wp-json\/wp\/v2\/comments?post=687379"}],"version-history":[{"count":0,"href":"https:\/\/www.europesays.com\/de\/wp-json\/wp\/v2\/posts\/687379\/revisions"}],"wp:featuredmedia":[{"embeddable":true,"href":"https:\/\/www.europesays.com\/de\/wp-json\/wp\/v2\/media\/687380"}],"wp:attachment":[{"href":"https:\/\/www.europesays.com\/de\/wp-json\/wp\/v2\/media?parent=687379"}],"wp:term":[{"taxonomy":"category","embeddable":true,"href":"https:\/\/www.europesays.com\/de\/wp-json\/wp\/v2\/categories?post=687379"},{"taxonomy":"post_tag","embeddable":true,"href":"https:\/\/www.europesays.com\/de\/wp-json\/wp\/v2\/tags?post=687379"}],"curies":[{"name":"wp","href":"https:\/\/api.w.org\/{rel}","templated":true}]}}