{"id":687390,"date":"2026-01-02T10:08:13","date_gmt":"2026-01-02T10:08:13","guid":{"rendered":"https:\/\/www.europesays.com\/de\/687390\/"},"modified":"2026-01-02T10:08:13","modified_gmt":"2026-01-02T10:08:13","slug":"kellerbrand-legt-heizung-fuer-hunderte-anwohner-lahm","status":"publish","type":"post","link":"https:\/\/www.europesays.com\/de\/687390\/","title":{"rendered":"Kellerbrand legt Heizung f\u00fcr Hunderte Anwohner lahm"},"content":{"rendered":"<p>Evakuierung in S\u00fcdstadt <\/p>\n<p>Kellerbrand legt Heizung f\u00fcr Hunderte Anwohner lahm<\/p>\n<p>02.01.2026 &#8211; 09:45 UhrLesedauer: 1 Min.<\/p>\n<p><a href=\"#focus-0\" class=\"transition-colors duration-200 block text-current relative\" data-sctrack=\"FocusGalleryImage.Reference\"><img fetchpriority=\"high\" data-testid=\"Opener.Image\" style=\"--lqipURL:url('https:\/\/images.t-online.de\/2024\/10\/2I424FySEOCq\/0x277:3556x2000\/fit-in\/150x0\/filters:blur(25)\/ein-einsatzfahrzeug-der-nuernberger-feuerwehr-symbolbild.jpg')\"   loading=\"eager\" src=\"https:\/\/www.europesays.com\/de\/wp-content\/uploads\/2026\/01\/ein-einsatzfahrzeug-der-nuernberger-feuerwehr-symbolbild.jpg\" alt=\"Ein Einsatzfahrzeug der N\u00fcrnberger Feuerwehr (Symbolbild):\" title=\"Ein Einsatzfahrzeug der N\u00fcrnberger Feuerwehr (Symbolbild):\" width=\"3556\" height=\"2000\" class=\"bg-[url:var(--lqipURL)] bg-cover bg-center flex h-full w-full max-w-full\" decoding=\"async\"\/><img style=\"--width:32;--height:32\" loading=\"lazy\" src=\"https:\/\/nuernberg.t-online.de\/s\/paper\/_next\/static\/media\/zoom-in.f7dae02f.svg\" alt=\"Vergr\u00f6\u00dfern des Bildes\" title=\"Vergr\u00f6\u00dfern des Bildes\" class=\"block h-[calc(var(--height)_\/_16_*_1rem)] w-[calc(var(--width)_\/_16_*_1rem)] max-w-none absolute bottom-8 right-8 rounded-4 bg-snow p-8\" decoding=\"async\"\/><\/a><\/p>\n<p>Ein Einsatzfahrzeug der N\u00fcrnberger Feuerwehr (Symbolbild): Am Donnerstagabend hatte es in einem Keller in der S\u00fcdstadt gebrannt. (Quelle: IMAGO\/Ardan Fuessmann)<\/p>\n<p class=\"font-bold text-18 leading-17\">Ein Feuer im Keller eines Mehrfamilienhauses hat schwerwiegende Folgen f\u00fcr die Umgebung. In einem gr\u00f6\u00dferen Umfang musste die Fernw\u00e4rme abgestellt werden.<\/p>\n<p class=\"text-18 leading-17\">In der N\u00fcrnberger S\u00fcdstadt ist am Donnerstagabend, 1. Januar, ein Feuer im Keller eines Mehrfamilienhauses ausgebrochen. Ein Sprecher des Polizeipr\u00e4sidiums Mittelfranken best\u00e4tigte den Brand in einem Kellerabteil eines Hauses in der Galvanistra\u00dfe um kurz nach 17 Uhr.<\/p>\n<p class=\"text-18 leading-17\">Die Feuerwehr l\u00f6schte die Flammen nach etwa einer halben Stunde. Die Folgen f\u00fcr die Anwohner sind erheblich. Im Keller des betroffenen Hauses befindet sich ein Fernw\u00e4rmeverteiler. Einer Sprecherin der N-Ergie zufolge, habe der Brand die Stromversorgung des Hauses besch\u00e4digt. Deshalb musste der Fernw\u00e4rmeverteiler abgeschaltet werden.<\/p>\n<p class=\"text-18 leading-17\">Die Auswirkungen betreffen nicht nur das Brandhaus. Zw\u00f6lf mehrst\u00f6ckige Wohngeb\u00e4ude in der Umgebung bleiben unbeheizt und unbewohnbar. Etwa 200 Anwohner sind betroffen. Wann wieder geheizt werden kann, soll sich im Laufe des Freitags entscheiden.<\/p>\n<p class=\"text-18 leading-17\">Die N\u00fcrnberger Hilfsorganisationen evakuierten und betreuten die Betroffenen mit rund 40 Einsatzkr\u00e4ften. Sie bef\u00f6rderten f\u00fcnf gehbehinderte Personen per Krankentransport.<\/p>\n<p class=\"text-18 leading-17\">Um 22.30 Uhr am Donnerstagabend endete der Einsatz. Die Brandursache bleibt unklar. Der Sachschaden bel\u00e4uft sich ersten Sch\u00e4tzungen zufolge auf einen mittleren bis hohen f\u00fcnfstelligen Betrag.<\/p>\n","protected":false},"excerpt":{"rendered":"Evakuierung in S\u00fcdstadt Kellerbrand legt Heizung f\u00fcr Hunderte Anwohner lahm 02.01.2026 &#8211; 09:45 UhrLesedauer: 1 Min. Ein Einsatzfahrzeug&hellip;\n","protected":false},"author":2,"featured_media":154923,"comment_status":"","ping_status":"","sticky":false,"template":"","format":"standard","meta":{"footnotes":""},"categories":[1837],"tags":[722,17161,772,3364,29,3046,6308,13170,985,30,4156,3783,121,8979],"class_list":{"0":"post-687390","1":"post","2":"type-post","3":"status-publish","4":"format-standard","5":"has-post-thumbnail","7":"category-nuernberg","8":"tag-722","9":"tag-17161","10":"tag-bayern","11":"tag-de","12":"tag-deutschland","13":"tag-einsatzfahrzeug","14":"tag-evakuierung","15":"tag-fernwaerme","16":"tag-feuerwehr","17":"tag-germany","18":"tag-mittelfranken","19":"tag-nuernberg","20":"tag-polizei","21":"tag-suedstadt"},"share_on_mastodon":{"url":"https:\/\/pubeurope.com\/@de\/115824958182483278","error":""},"_links":{"self":[{"href":"https:\/\/www.europesays.com\/de\/wp-json\/wp\/v2\/posts\/687390","targetHints":{"allow":["GET"]}}],"collection":[{"href":"https:\/\/www.europesays.com\/de\/wp-json\/wp\/v2\/posts"}],"about":[{"href":"https:\/\/www.europesays.com\/de\/wp-json\/wp\/v2\/types\/post"}],"author":[{"embeddable":true,"href":"https:\/\/www.europesays.com\/de\/wp-json\/wp\/v2\/users\/2"}],"replies":[{"embeddable":true,"href":"https:\/\/www.europesays.com\/de\/wp-json\/wp\/v2\/comments?post=687390"}],"version-history":[{"count":0,"href":"https:\/\/www.europesays.com\/de\/wp-json\/wp\/v2\/posts\/687390\/revisions"}],"wp:featuredmedia":[{"embeddable":true,"href":"https:\/\/www.europesays.com\/de\/wp-json\/wp\/v2\/media\/154923"}],"wp:attachment":[{"href":"https:\/\/www.europesays.com\/de\/wp-json\/wp\/v2\/media?parent=687390"}],"wp:term":[{"taxonomy":"category","embeddable":true,"href":"https:\/\/www.europesays.com\/de\/wp-json\/wp\/v2\/categories?post=687390"},{"taxonomy":"post_tag","embeddable":true,"href":"https:\/\/www.europesays.com\/de\/wp-json\/wp\/v2\/tags?post=687390"}],"curies":[{"name":"wp","href":"https:\/\/api.w.org\/{rel}","templated":true}]}}