{"id":687395,"date":"2026-01-02T10:11:17","date_gmt":"2026-01-02T10:11:17","guid":{"rendered":"https:\/\/www.europesays.com\/de\/687395\/"},"modified":"2026-01-02T10:11:17","modified_gmt":"2026-01-02T10:11:17","slug":"kunst-antik-und-troedelmarkt-in-dresden-eroeffnet-das-neue-jahr","status":"publish","type":"post","link":"https:\/\/www.europesays.com\/de\/687395\/","title":{"rendered":"Kunst-, Antik- und Tr\u00f6delmarkt in Dresden er\u00f6ffnet das neue Jahr"},"content":{"rendered":"<p>Am Sonnabend, dem 3. Januar, und am Sonntag, dem 4. Januar 2026, findet in der Neust\u00e4dter Markthalle Dresden der erste Kunst-, Antik- und Tr\u00f6delmarkt des Jahres statt. An beiden Tagen \u00f6ffnet der Markt auf zwei Etagen seine T\u00fcren. Sonnabend von 9 bis 16 Uhr, Sonntag von 11 bis 17 Uhr.<br \/>\n<img fetchpriority=\"high\" decoding=\"async\" class=\"size-full wp-image-232553\" src=\"https:\/\/www.europesays.com\/de\/wp-content\/uploads\/2025\/11\/2025-11-01-NeustaedterMarkthalleHist.jpg\" alt=\"Die Neust\u00e4dter Markthalle um 1900 - Zeitgen\u00f6ssische Postkarte (Ausschnitt)\" width=\"2400\" height=\"1676\"  \/>Die Neust\u00e4dter Markthalle um 1900 \u2013 Zeitgen\u00f6ssische Postkarte (Ausschnitt)\n<\/p>\n<p>Im ersten Obergeschoss stehen Antiquit\u00e4ten und Sammlerobjekte im Mittelpunkt. Im Untergeschoss bietet sich eine breite Auswahl an Alltagsgegenst\u00e4nden. Besucher finden historische M\u00fcnzen, Abzeichen, Briefmarken, Mineralien, Schallplatten, B\u00fccher, Graphiken, Bilder, Silber und Grammophonplatten. Auch Schmuck und Kunst sind vertreten. Ein Sch\u00e4tzservice unterst\u00fctzt bei der Bewertung antiker St\u00fccke.<br \/>\n<img loading=\"lazy\" decoding=\"async\" class=\"size-full wp-image-216917\" src=\"https:\/\/www.europesays.com\/de\/wp-content\/uploads\/2026\/01\/2025-01-03-Markthalle.jpg\" alt=\"Tr\u00f6delmarkt in der Markthalle - Foto: Anton Launer\" width=\"2400\" height=\"1350\"  \/>Tr\u00f6delmarkt in der Markthalle \u2013 Foto: Archiv Anton Launer\n<\/p>\n<p>Der Markt l\u00e4dt zu einem entspannten Bummel ein. Viele G\u00e4ste nutzen das erste Wochenende im Jahr f\u00fcr einen ruhigen Einstieg nach den Feiertagen. Oft wird Weihnachtsgeld in besondere oder praktische Fundst\u00fccke investiert. H\u00e4ndler k\u00f6nnen sich unter www.flohmarkt-sachsen.de<br \/>anmelden. Ein Stand mit drei Metern und Tisch kostet 35 Euro.<\/p>\n","protected":false},"excerpt":{"rendered":"Am Sonnabend, dem 3. Januar, und am Sonntag, dem 4. Januar 2026, findet in der Neust\u00e4dter Markthalle Dresden&hellip;\n","protected":false},"author":2,"featured_media":544896,"comment_status":"","ping_status":"","sticky":false,"template":"","format":"standard","meta":{"footnotes":""},"categories":[1835],"tags":[3364,29,2386,30,12958,42768,859,40158],"class_list":{"0":"post-687395","1":"post","2":"type-post","3":"status-publish","4":"format-standard","5":"has-post-thumbnail","7":"category-dresden","8":"tag-de","9":"tag-deutschland","10":"tag-dresden","11":"tag-germany","12":"tag-hauptstrasse","13":"tag-markthalle","14":"tag-sachsen","15":"tag-troedel"},"share_on_mastodon":{"url":"https:\/\/pubeurope.com\/@de\/115824970138122144","error":""},"_links":{"self":[{"href":"https:\/\/www.europesays.com\/de\/wp-json\/wp\/v2\/posts\/687395","targetHints":{"allow":["GET"]}}],"collection":[{"href":"https:\/\/www.europesays.com\/de\/wp-json\/wp\/v2\/posts"}],"about":[{"href":"https:\/\/www.europesays.com\/de\/wp-json\/wp\/v2\/types\/post"}],"author":[{"embeddable":true,"href":"https:\/\/www.europesays.com\/de\/wp-json\/wp\/v2\/users\/2"}],"replies":[{"embeddable":true,"href":"https:\/\/www.europesays.com\/de\/wp-json\/wp\/v2\/comments?post=687395"}],"version-history":[{"count":0,"href":"https:\/\/www.europesays.com\/de\/wp-json\/wp\/v2\/posts\/687395\/revisions"}],"wp:featuredmedia":[{"embeddable":true,"href":"https:\/\/www.europesays.com\/de\/wp-json\/wp\/v2\/media\/544896"}],"wp:attachment":[{"href":"https:\/\/www.europesays.com\/de\/wp-json\/wp\/v2\/media?parent=687395"}],"wp:term":[{"taxonomy":"category","embeddable":true,"href":"https:\/\/www.europesays.com\/de\/wp-json\/wp\/v2\/categories?post=687395"},{"taxonomy":"post_tag","embeddable":true,"href":"https:\/\/www.europesays.com\/de\/wp-json\/wp\/v2\/tags?post=687395"}],"curies":[{"name":"wp","href":"https:\/\/api.w.org\/{rel}","templated":true}]}}