{"id":687453,"date":"2026-01-02T10:43:13","date_gmt":"2026-01-02T10:43:13","guid":{"rendered":"https:\/\/www.europesays.com\/de\/687453\/"},"modified":"2026-01-02T10:43:13","modified_gmt":"2026-01-02T10:43:13","slug":"hoher-schaden-nach-feuer-in-schulsporthalle-in-buchholz","status":"publish","type":"post","link":"https:\/\/www.europesays.com\/de\/687453\/","title":{"rendered":"Hoher Schaden nach Feuer in Schulsporthalle in Buchholz"},"content":{"rendered":"<p>\n                Stand: 02.01.2026 07:49 Uhr<\/p>\n<p>                    <a href=\"https:\/\/www.europesays.com\/de\/wp-content\/uploads\/2026\/01\/buchholz-142.webp.webp\" class=\"zoomimage\" title=\"Bild vergr\u00f6\u00dfern\"><\/p>\n<p>        <img decoding=\"async\" src=\"https:\/\/www.europesays.com\/de\/wp-content\/uploads\/2026\/01\/buchholz-142.webp.webp\" alt=\"Die Feuerwehr l\u00f6scht den brennenden Eingangsbereich einer Sporthalle in Buchholz.\" title=\"Das Feuer war kurz nach Mitternacht aus bislang ungekl\u00e4rter Ursache im Eingangsbereich der Sporthalle ausgebrochen. | JOTO\" class=\"responsive\" loading=\"lazy\"\/><\/p>\n<p>                    <\/a><\/p>\n<p>                    Das Feuer war kurz nach Mitternacht aus bislang ungekl\u00e4rter Ursache im Eingangsbereich der Sporthalle ausgebrochen.<\/p>\n<p class=\"\">In der Nacht zu Freitag hat es in Buchholz in der Nordheide (Landkreis Harburg) in der Sporthalle der Waldschule gebrannt. Wie die Polizei am Freitag mitteilte, brach das Feuer kurz nach Mitternacht im Eingangsbereich aus. Was den Brand auf dem Gel\u00e4nde der Grund- und Oberschule ausgel\u00f6st hat, sei bislang nicht bekannt. Die Einsatzkr\u00e4fte der Feuerwehr konnten ein \u00dcbergreifen der Flammen auf die gesamte Sporthalle der Polizei zufolge verhindern. Dennoch entstand nach Sch\u00e4tzungen der Beamten ein Schaden zwischen 500.000 Euro und einer Million Euro. Das Geb\u00e4ude sei vorerst nicht mehr nutzbar, so die Polizei.<\/p>\n<p>        <img decoding=\"async\" src=\"https:\/\/www.europesays.com\/de\/wp-content\/uploads\/2025\/12\/1765991183_238_podcastbild800.webp\" alt=\"Ein Mann in rotem Pullover und eine Frau in Feuerwehruniform mit Helm stehen vor einem roten Feuerwehrauto mit Blaulicht und Rauch im Hintergrund.\" title=\"Ein Mann in rotem Pullover und eine Frau in Feuerwehruniform mit Helm stehen vor einem roten Feuerwehrauto mit Blaulicht und Rauch im Hintergrund. | NDR, Andrea Seifert\" class=\"responsive\" loading=\"lazy\"\/><\/p>\n<p>In der ARD Audiothek h\u00f6ren Sie die neuesten Folgen des NDR Feuerwehrpodcasts Mein Einsatz zuerst.<\/p>\n<p>Dieses Thema im Programm:<\/p>\n<p>                NDR 1 Niedersachsen | Regional L\u00fcneburg | 02.01.2026 | 06:30 Uhr<\/p>\n","protected":false},"excerpt":{"rendered":"Stand: 02.01.2026 07:49 Uhr Das Feuer war kurz nach Mitternacht aus bislang ungekl\u00e4rter Ursache im Eingangsbereich der Sporthalle&hellip;\n","protected":false},"author":2,"featured_media":687454,"comment_status":"","ping_status":"","sticky":false,"template":"","format":"standard","meta":{"footnotes":""},"categories":[1772],"tags":[590,2919,26112,29,159166,214,987,30,1779,810,14,15,1411,26686,215,112482],"class_list":{"0":"post-687453","1":"post","2":"type-post","3":"status-publish","4":"format-standard","5":"has-post-thumbnail","7":"category-musik","8":"tag-aktuell","9":"tag-brand","10":"tag-buchholz","11":"tag-deutschland","12":"tag-eingangsbereich","13":"tag-entertainment","14":"tag-feuer","15":"tag-germany","16":"tag-music","17":"tag-musik","18":"tag-nachrichten","19":"tag-news","20":"tag-niedersachsen","21":"tag-sporthalle","22":"tag-unterhaltung","23":"tag-waldschule"},"share_on_mastodon":{"url":"https:\/\/pubeurope.com\/@de\/115825095909149163","error":""},"_links":{"self":[{"href":"https:\/\/www.europesays.com\/de\/wp-json\/wp\/v2\/posts\/687453","targetHints":{"allow":["GET"]}}],"collection":[{"href":"https:\/\/www.europesays.com\/de\/wp-json\/wp\/v2\/posts"}],"about":[{"href":"https:\/\/www.europesays.com\/de\/wp-json\/wp\/v2\/types\/post"}],"author":[{"embeddable":true,"href":"https:\/\/www.europesays.com\/de\/wp-json\/wp\/v2\/users\/2"}],"replies":[{"embeddable":true,"href":"https:\/\/www.europesays.com\/de\/wp-json\/wp\/v2\/comments?post=687453"}],"version-history":[{"count":0,"href":"https:\/\/www.europesays.com\/de\/wp-json\/wp\/v2\/posts\/687453\/revisions"}],"wp:featuredmedia":[{"embeddable":true,"href":"https:\/\/www.europesays.com\/de\/wp-json\/wp\/v2\/media\/687454"}],"wp:attachment":[{"href":"https:\/\/www.europesays.com\/de\/wp-json\/wp\/v2\/media?parent=687453"}],"wp:term":[{"taxonomy":"category","embeddable":true,"href":"https:\/\/www.europesays.com\/de\/wp-json\/wp\/v2\/categories?post=687453"},{"taxonomy":"post_tag","embeddable":true,"href":"https:\/\/www.europesays.com\/de\/wp-json\/wp\/v2\/tags?post=687453"}],"curies":[{"name":"wp","href":"https:\/\/api.w.org\/{rel}","templated":true}]}}