{"id":687483,"date":"2026-01-02T11:00:17","date_gmt":"2026-01-02T11:00:17","guid":{"rendered":"https:\/\/www.europesays.com\/de\/687483\/"},"modified":"2026-01-02T11:00:17","modified_gmt":"2026-01-02T11:00:17","slug":"pol-ppmz-mehrere-einbruchsdelikte-in-mainz","status":"publish","type":"post","link":"https:\/\/www.europesays.com\/de\/687483\/","title":{"rendered":"POL-PPMZ: Mehrere Einbruchsdelikte in Mainz"},"content":{"rendered":"<p class=\"date\">02.01.2026 \u2013 11:00<\/p>\n<p class=\"customer\">\n                        <a class=\"story-customer\" title=\"weiter zum newsroom von Polizeipr\u00e4sidium Mainz\" href=\"https:\/\/www.presseportal.de\/blaulicht\/nr\/117708\" target=\"_blank\" rel=\"noopener\">Polizeipr\u00e4sidium Mainz<\/a>\n                    <\/p>\n<p><a data-category=\"citylink-story-view\" data-action=\"click\" data-label=\"Citylink in Meldungsansicht\" class=\"story-city event-trigger\" href=\"https:\/\/www.presseportal.de\/regional\/Mainz\" title=\"News aus Mainz \" target=\"_blank\" rel=\"noopener\">Mainz<\/a> (ots)<\/p>\n<p>In den vergangenen Tagen kam es im Mainzer Stadtgebiet zu mehreren versuchten und vollendeten Wohnungseinbruchsdiebst\u00e4hlen.<\/p>\n<p>So kam es in der Silvesternacht zu einem versuchten Einbruch in ein Wohnhaus im Harxheimer Weg in Mainz-Ebersheim. Am Donnerstag, 01.01.2026 gegen 01:00 Uhr wurde der Polizei vom betroffenen Bewohner gemeldet, dass er im Urlaub sei und gerade auf der Videoaufzeichnungsanlage seines Hauses beobachten konnte, wie zwei augenscheinlich m\u00e4nnliche, m\u00f6glicherweise jugendliche Personen mit dunkler Kleidung sich an einem Fenster auf der Geb\u00e4uder\u00fcckseite zu schaffen machten. Eine umgehend eingeleitete Nahbereichsfahndung verlief erfolglos. Nach derzeitigem Erkenntnisstand bet\u00e4tigten die beiden T\u00e4ter zun\u00e4chst die Klingel, bevor sie auf der Geb\u00e4uder\u00fcckseite besagtes Fenster samt Rollladen angingen und besch\u00e4digten. Ins Geb\u00e4ude gelangten die T\u00e4ter nicht. Anschlie\u00dfend entfernten sie sich. Vor Ort wurden Spuren gesichert. Unweit des Anwesens wurde ein Rucksack mit potenziellem Einbruchswerkzeug aufgefunden und sichergestellt.<\/p>\n<p>Bislang unbekannte T\u00e4ter sind dar\u00fcber hinaus zwischen Mittwoch, 31.12.2025, 17:45 Uhr und Donnerstag, 01.01.2026, 02:00 Uhr in ein Wohnhaus im Bereich An der Wiesl\u00fccke in Mainz-Mombach eingebrochen. Nach derzeitigem Erkenntnisstand verschafften sich der oder die T\u00e4ter Zugang zum Geb\u00e4ude, in dem im r\u00fcckw\u00e4rtigen Bereich des Anwesens eine Terrassent\u00fcr aufgehebelt wurde. Im Inneren wurden mehrere R\u00e4ume durchsucht und unter anderem Bargeld und Schmuck gestohlen.<\/p>\n<p>Im Zeitraum zwischen Dienstag, 30.12.2025, 14:00 Uhr und Donnerstag, 01.01.2026, 16:00 Uhr kam es im Kehlweg in Mainz-Gonsenheim zu einem Einbruch in ein Einfamilienhaus. Nach derzeitigem Erkenntnisstand gelangten der oder die T\u00e4ter \u00fcber ein aufgehebeltes Fenster in das Wohnhaus, durchsuchten dieses und stahlen unter anderem Schmuck. Zu besagtem Zeitpunkt war niemand zuhause.<\/p>\n<p>Bislang unbekannte T\u00e4ter brachen zudem am Mittwoch, 31.12.2025, zwischen 17:00 Uhr und 22:00 Uhr in eine Wohnung in einem Mehrparteienhaus in der Gro\u00dfen Bleiche in der Mainzer Altstadt ein und durchw\u00fchlten die R\u00e4umlichkeiten. Die Ermittlungen, auch zu m\u00f6glichem Diebesgut, dauern an.<\/p>\n<p>Zwischen Mittwoch, 31.12.2025, 20:00 Uhr und Donnerstag, 01.01.2026, 11:00 Uhr, versuchten bislang Unbekannte, in zwei Wohnungen in einem Mehrparteienhaus in der Uferstra\u00dfe in der Mainzer Altstadt einzubrechen. Eine betroffene Bewohnerin verst\u00e4ndigte am Neujahrstag die Polizei. Sie war \u00fcber Silvester nicht zuhause und stellte bei ihrer R\u00fcckkehr Besch\u00e4digungen an der Wohnungseingangst\u00fcr fest. An einer weiteren Wohnungst\u00fcr in dem Geb\u00e4ude konnten ebenfalls Hebelmarken festgestellt werden. Nach derzeitigem Erkenntnisstand blieb es in beiden F\u00e4llen beim Versuch.<\/p>\n<p>Wer sachdienliche Hinweise zu den genannten F\u00e4llen geben kann, wird gebeten, sich mit der Kriminalpolizei Mainz unter der Rufnummer 06131\/65-33999 in Verbindung zu setzen.<\/p>\n<p class=\"contact-headline\">R\u00fcckfragen bitte an:<\/p>\n<p class=\"contact-text\">Polizeipr\u00e4sidium Mainz<br \/>Pressestelle<\/p>\n<p>Telefon: 06131 \/ 65-30022<\/p>\n<p>E-Mail: <a href=\"https:\/\/www.presseportal.de\/blaulicht\/pm\/117708\/mailto: ppmainz.presse@polizei.rlp.de\" class=\"uri-mailto\" target=\"_blank\" rel=\"noopener\"> ppmainz.presse@polizei.rlp.de<\/a><br \/><a target=\"_blank\" class=\"uri-ext outbound\" rel=\"noopener\" href=\"https:\/\/www.polizei.rlp.de\/pp.mainz\">www.polizei.rlp.de\/pp.mainz<\/a><\/p>\n<p class=\"originator\">Original-Content von: Polizeipr\u00e4sidium Mainz, \u00fcbermittelt durch news aktuell<\/p>\n","protected":false},"excerpt":{"rendered":"02.01.2026 \u2013 11:00 Polizeipr\u00e4sidium Mainz Mainz (ots) In den vergangenen Tagen kam es im Mainzer Stadtgebiet zu mehreren&hellip;\n","protected":false},"author":2,"featured_media":386213,"comment_status":"","ping_status":"","sticky":false,"template":"","format":"standard","meta":{"footnotes":""},"categories":[1847],"tags":[3364,29,548,663,3934,30,13,2052,177,14,15,121,178,180,179,181,17273,12,4544],"class_list":{"0":"post-687483","1":"post","2":"type-post","3":"status-publish","4":"format-standard","5":"has-post-thumbnail","7":"category-wiesbaden","8":"tag-de","9":"tag-deutschland","10":"tag-eu","11":"tag-europa","12":"tag-europe","13":"tag-germany","14":"tag-headlines","15":"tag-hessen","16":"tag-kriminalitt","17":"tag-nachrichten","18":"tag-news","19":"tag-polizei","20":"tag-presse","21":"tag-pressemeldung","22":"tag-pressemitteilung","23":"tag-pressemitteilungen","24":"tag-rp","25":"tag-schlagzeilen","26":"tag-wiesbaden"},"share_on_mastodon":{"url":"https:\/\/pubeurope.com\/@de\/115825162720396652","error":""},"_links":{"self":[{"href":"https:\/\/www.europesays.com\/de\/wp-json\/wp\/v2\/posts\/687483","targetHints":{"allow":["GET"]}}],"collection":[{"href":"https:\/\/www.europesays.com\/de\/wp-json\/wp\/v2\/posts"}],"about":[{"href":"https:\/\/www.europesays.com\/de\/wp-json\/wp\/v2\/types\/post"}],"author":[{"embeddable":true,"href":"https:\/\/www.europesays.com\/de\/wp-json\/wp\/v2\/users\/2"}],"replies":[{"embeddable":true,"href":"https:\/\/www.europesays.com\/de\/wp-json\/wp\/v2\/comments?post=687483"}],"version-history":[{"count":0,"href":"https:\/\/www.europesays.com\/de\/wp-json\/wp\/v2\/posts\/687483\/revisions"}],"wp:featuredmedia":[{"embeddable":true,"href":"https:\/\/www.europesays.com\/de\/wp-json\/wp\/v2\/media\/386213"}],"wp:attachment":[{"href":"https:\/\/www.europesays.com\/de\/wp-json\/wp\/v2\/media?parent=687483"}],"wp:term":[{"taxonomy":"category","embeddable":true,"href":"https:\/\/www.europesays.com\/de\/wp-json\/wp\/v2\/categories?post=687483"},{"taxonomy":"post_tag","embeddable":true,"href":"https:\/\/www.europesays.com\/de\/wp-json\/wp\/v2\/tags?post=687483"}],"curies":[{"name":"wp","href":"https:\/\/api.w.org\/{rel}","templated":true}]}}