{"id":687509,"date":"2026-01-02T11:14:12","date_gmt":"2026-01-02T11:14:12","guid":{"rendered":"https:\/\/www.europesays.com\/de\/687509\/"},"modified":"2026-01-02T11:14:12","modified_gmt":"2026-01-02T11:14:12","slug":"generalstab-weist-vorwuerfe-zurueck-kreml-unterstellt-ukraine-terroranschlag-in-cherson","status":"publish","type":"post","link":"https:\/\/www.europesays.com\/de\/687509\/","title":{"rendered":"Generalstab weist Vorw\u00fcrfe zur\u00fcck: Kreml unterstellt Ukraine &#8222;Terroranschlag&#8220; in Cherson"},"content":{"rendered":"<p>Generalstab weist Vorw\u00fcrfe zur\u00fcckKreml unterstellt Ukraine &#8222;Terroranschlag&#8220; in Cherson02.01.2026, 10:04 Uhr<\/p>\n<p class=\"Typography_text-m__XI0da Typography_weight-normal__pqUbH\">In der ukrainischen Region Cherson, die derzeit von den russischen Invasoren besetzt wird, soll es einen von der Ukraine ausgehenden Angriff auf Zivilisten gegeben haben. Das behauptet zumindest Russland. Die Beschuldigten weisen die Vorw\u00fcrfe zur\u00fcck.<\/p>\n","protected":false},"excerpt":{"rendered":"Generalstab weist Vorw\u00fcrfe zur\u00fcckKreml unterstellt Ukraine &#8222;Terroranschlag&#8220; in Cherson02.01.2026, 10:04 Uhr In der ukrainischen Region Cherson, die derzeit&hellip;\n","protected":false},"author":2,"featured_media":687510,"comment_status":"","ping_status":"","sticky":false,"template":"","format":"standard","meta":{"footnotes":""},"categories":[4012],"tags":[331,332,661,12796,106,13,929,14,15,307,12,317],"class_list":{"0":"post-687509","1":"post","2":"type-post","3":"status-publish","4":"format-standard","5":"has-post-thumbnail","7":"category-ukraine","8":"tag-aktuelle-nachrichten","9":"tag-aktuelle-news","10":"tag-angriff-auf-die-ukraine","11":"tag-cia","12":"tag-donald-trump","13":"tag-headlines","14":"tag-kriege-und-konflikte","15":"tag-nachrichten","16":"tag-news","17":"tag-russland","18":"tag-schlagzeilen","19":"tag-ukraine"},"share_on_mastodon":{"url":"https:\/\/pubeurope.com\/@de\/115825217510508991","error":""},"_links":{"self":[{"href":"https:\/\/www.europesays.com\/de\/wp-json\/wp\/v2\/posts\/687509","targetHints":{"allow":["GET"]}}],"collection":[{"href":"https:\/\/www.europesays.com\/de\/wp-json\/wp\/v2\/posts"}],"about":[{"href":"https:\/\/www.europesays.com\/de\/wp-json\/wp\/v2\/types\/post"}],"author":[{"embeddable":true,"href":"https:\/\/www.europesays.com\/de\/wp-json\/wp\/v2\/users\/2"}],"replies":[{"embeddable":true,"href":"https:\/\/www.europesays.com\/de\/wp-json\/wp\/v2\/comments?post=687509"}],"version-history":[{"count":0,"href":"https:\/\/www.europesays.com\/de\/wp-json\/wp\/v2\/posts\/687509\/revisions"}],"wp:featuredmedia":[{"embeddable":true,"href":"https:\/\/www.europesays.com\/de\/wp-json\/wp\/v2\/media\/687510"}],"wp:attachment":[{"href":"https:\/\/www.europesays.com\/de\/wp-json\/wp\/v2\/media?parent=687509"}],"wp:term":[{"taxonomy":"category","embeddable":true,"href":"https:\/\/www.europesays.com\/de\/wp-json\/wp\/v2\/categories?post=687509"},{"taxonomy":"post_tag","embeddable":true,"href":"https:\/\/www.europesays.com\/de\/wp-json\/wp\/v2\/tags?post=687509"}],"curies":[{"name":"wp","href":"https:\/\/api.w.org\/{rel}","templated":true}]}}