{"id":687605,"date":"2026-01-02T12:13:18","date_gmt":"2026-01-02T12:13:18","guid":{"rendered":"https:\/\/www.europesays.com\/de\/687605\/"},"modified":"2026-01-02T12:13:18","modified_gmt":"2026-01-02T12:13:18","slug":"vereinte-nationen-johann-wadephul-spricht-sich-fuer-reform-des-un-sicherheitsrats-aus","status":"publish","type":"post","link":"https:\/\/www.europesays.com\/de\/687605\/","title":{"rendered":"Vereinte Nationen: Johann Wadephul spricht sich f\u00fcr Reform des UN-Sicherheitsrats aus"},"content":{"rendered":"<p class=\"paragraph article__item\">Au\u00dfenminister <a class=\"rtr-entity\" href=\"https:\/\/www.zeit.de\/thema\/johann-wadephul\" target=\"_blank\" rel=\"noopener\">Johann Wadephul<\/a> will sich f\u00fcr eine <a href=\"https:\/\/www.zeit.de\/politik\/2023-09\/un-reform-globaler-sueden-einfluss\" class=\"\" target=\"_blank\" rel=\"noopener\">Reform des UN-Sicherheitsrats<\/a>, des m\u00e4chtigsten Gremiums der Vereinten Nationen, einsetzen. &#8222;Der Sicherheitsrat muss die Welt des 21. Jahrhunderts abbilden und nicht die der unmittelbaren Nachkriegszeit nach 1945&#8220;, sagte der CDU-Politiker der Nachrichtenagentur dpa. &#8222;Deswegen werden wir uns sehr stark daf\u00fcr einsetzen, dass insbesondere der globale S\u00fcden dort eine sehr viel st\u00e4rkere Rolle bekommt.&#8220;\u00a0\n<\/p>\n<p class=\"paragraph article__item\">Deutschland kandidiert im Juni f\u00fcr einen der nicht st\u00e4ndigen Sitze im Sicherheitsrat in den Jahren 2027 und 2028. Dem Rat geh\u00f6ren 15 der 193 UN-Mitgliedsl\u00e4nder an. Die USA, Russland, Gro\u00dfbritannien, Frankreich und China sind st\u00e4ndige Mitglieder und haben Vetorecht gegen Beschl\u00fcsse des Gremiums. Einige der anderen 188 UN-Mitglieder wechseln sich auf den verbleibenden zehn Sitzen alle zwei Jahre ab.\u00a0\n<\/p>\n<p>        UN-Gremium durch Vetorechte oft blockiert        <\/p>\n<p class=\"paragraph article__item\">Grunds\u00e4tzlich geh\u00f6re Deutschland zu den Verfechtern des Systems der <a class=\"rtr-entity\" href=\"https:\/\/www.zeit.de\/thema\/un\" target=\"_blank\" rel=\"noopener\">Vereinten Nationen<\/a> und werde sich &#8222;nicht so zur\u00fcckziehen, wie andere das getan haben&#8220;, sagte Wadephul, mutma\u00dflich mit Blick auf die USA. Die US-Regierung von Donald Trump hatte <a href=\"https:\/\/www.zeit.de\/politik\/ausland\/2025-12\/vereinte-nationen-usa-kuerzung-humanitaere-hilfe-un-2026\" class=\"\" target=\"_blank\" rel=\"noopener\">ihre finanziellen Beitr\u00e4ge f\u00fcr das Budget der Vereinten Nationen gek\u00fcrzt<\/a>. Dennoch sei die Bundesregierung der Auffassung, dass das Gremium eine durchgreifende Reform ben\u00f6tige, sagte Wadephul. So k\u00f6nne manches verschlankt und vereinfacht werden.\n<\/p>\n<p>                            \u00a9\u00a0Lea Dohle<\/p>\n<p>\n                                        Newsletter<br \/>\n                                        Was jetzt? \u2013 Der t\u00e4gliche Morgen\u00fcberblick<\/p>\n<p class=\"newsletter-signup__text\">Starten Sie mit unserem kurzen Nachrichten-Newsletter in den Tag. Erhalten Sie zudem freitags das digitale Magazin ZEIT am Wochenende.<\/p>\n<p class=\"newsletter-signup__datapolicy\" hidden=\"\">\n            Mit Ihrer Registrierung nehmen Sie die <a href=\"https:\/\/datenschutz.zeit.de\/zon#Newsletter\" target=\"_blank\" rel=\"noopener\">Datenschutzerkl\u00e4rung<\/a> zur Kenntnis.\n        <\/p>\n<p>    Vielen Dank! Wir haben Ihnen eine E-Mail geschickt.<\/p>\n<p>Pr\u00fcfen Sie Ihr Postfach und best\u00e4tigen Sie das Newsletter-Abonnement.<\/p>\n<p class=\"paragraph article__item\"><a href=\"https:\/\/www.zeit.de\/politik\/ausland\/2024-09\/un-sicherheitsrat-reform-usa-afrikanische-staaten-vetorecht\" class=\"\" target=\"_blank\" rel=\"noopener\">\u00dcber eine m\u00f6gliche Reform des UN-Sicherheitsrats<\/a> wird bereits seit Jahrzehnten diskutiert. F\u00fcr Kritik sorgt nicht nur die Zusammensetzung des Gremiums, das in Bezug auf die Vetom\u00e4chte die globale Machtverteilung nach dem Zweiten Weltkrieg widerspiegelt, sondern auch seine Funktionsweise. So sorgt das Vetorecht einiger weniger Staaten daf\u00fcr, dass das Gremium <a href=\"https:\/\/www.zeit.de\/politik\/ausland\/2023-12\/waffenruhe-gazastreifen-antonio-guterres-laehmung-un-sicherheitsrates-beklagt\" class=\"\" target=\"_blank\" rel=\"noopener\">oft nicht beschlussf\u00e4hig ist<\/a>.\u00a0\n<\/p>\n<p>        Merz forderte st\u00e4ndige Sitze f\u00fcr afrikanische L\u00e4nder        <\/p>\n<p class=\"paragraph article__item\">In Bezug auf die Zusammensetzung des Sicherheitsrats hatte Bundeskanzler Friedrich Merz (CDU) bereits Ende November am Rande eines EU-Afrika-Gipfels in Angola zwei st\u00e4ndige Sitze f\u00fcr afrikanische Staaten gefordert. Europa und Afrika h\u00e4tten zusammen mehr als 40 Prozent aller Stimmen in den Vereinten Nationen, sagte Merz. &#8222;Zusammen haben wir gro\u00dfes Gewicht. Daf\u00fcr muss Afrika aber international auch besser vertreten sein, so wie es dem Gewicht dieses Kontinents eben entspricht.&#8220;\n<\/p>\n<p class=\"paragraph article__item\">Die Frage danach, was er tun wolle, damit sich Deutschland bei der Wahl f\u00fcr einen nicht st\u00e4ndigen Sitz gegen die Mitbewerber \u00d6sterreich und Portugal durchsetze, beantwortete Wadephul ausweichend: &#8222;In der Fu\u00dfballsprache w\u00fcrde ich sagen: Wir m\u00fcssen immer auf jeder Position anspielbar sein f\u00fcr unsere internationalen Partner.&#8220;\u00a0\n<\/p>\n<p class=\"paragraph article__item\">Konkretere Ank\u00fcndigungen machte der CDU-Politiker bei der Klimapolitik. So sprach Wadephul etwa von der Situation, <a href=\"https:\/\/www.zeit.de\/2025\/46\/tuvalu-klimavisum-australien-umzug-meeresspiegel\" class=\"\" target=\"_blank\" rel=\"noopener\">in der sich kleine Inselstaaten bef\u00e4nden, die durch den Anstieg des Meeresspiegels in ihrer Existenz bedroht sind<\/a>. Angesichts des Klimawandels wolle er &#8222;eine Klimaau\u00dfenpolitik, die auf die besonderen existenziellen Herausforderungen dieser Staaten Bezug nimmt&#8220;, sagte Wadephul. Daf\u00fcr wolle er in diesem Jahr globale Partnerschaften aufbauen. &#8222;Dazu werden jetzt nach einem starken Engagement in Europa und in Asien der Indopazifik, Afrika und Lateinamerika geh\u00f6ren.&#8220;\u00a0<\/p>\n","protected":false},"excerpt":{"rendered":"Au\u00dfenminister Johann Wadephul will sich f\u00fcr eine Reform des UN-Sicherheitsrats, des m\u00e4chtigsten Gremiums der Vereinten Nationen, einsetzen. &#8222;Der&hellip;\n","protected":false},"author":2,"featured_media":687606,"comment_status":"","ping_status":"","sticky":false,"template":"","format":"standard","meta":{"footnotes":""},"categories":[3],"tags":[16302,13,1211,14,15,16,12,18653,10,8,9,11,26,12018,103,104],"class_list":{"0":"post-687605","1":"post","2":"type-post","3":"status-publish","4":"format-standard","5":"has-post-thumbnail","7":"category-welt","8":"tag-afrika","9":"tag-headlines","10":"tag-johann-wadephul","11":"tag-nachrichten","12":"tag-news","13":"tag-politik","14":"tag-schlagzeilen","15":"tag-sicherheitsrat-der-vereinten-nationen","16":"tag-top-news","17":"tag-top-meldungen","18":"tag-topmeldungen","19":"tag-topnews","20":"tag-un","21":"tag-vereinte-nationen","22":"tag-welt","23":"tag-world"},"share_on_mastodon":{"url":"https:\/\/pubeurope.com\/@de\/115825449705667255","error":""},"_links":{"self":[{"href":"https:\/\/www.europesays.com\/de\/wp-json\/wp\/v2\/posts\/687605","targetHints":{"allow":["GET"]}}],"collection":[{"href":"https:\/\/www.europesays.com\/de\/wp-json\/wp\/v2\/posts"}],"about":[{"href":"https:\/\/www.europesays.com\/de\/wp-json\/wp\/v2\/types\/post"}],"author":[{"embeddable":true,"href":"https:\/\/www.europesays.com\/de\/wp-json\/wp\/v2\/users\/2"}],"replies":[{"embeddable":true,"href":"https:\/\/www.europesays.com\/de\/wp-json\/wp\/v2\/comments?post=687605"}],"version-history":[{"count":0,"href":"https:\/\/www.europesays.com\/de\/wp-json\/wp\/v2\/posts\/687605\/revisions"}],"wp:featuredmedia":[{"embeddable":true,"href":"https:\/\/www.europesays.com\/de\/wp-json\/wp\/v2\/media\/687606"}],"wp:attachment":[{"href":"https:\/\/www.europesays.com\/de\/wp-json\/wp\/v2\/media?parent=687605"}],"wp:term":[{"taxonomy":"category","embeddable":true,"href":"https:\/\/www.europesays.com\/de\/wp-json\/wp\/v2\/categories?post=687605"},{"taxonomy":"post_tag","embeddable":true,"href":"https:\/\/www.europesays.com\/de\/wp-json\/wp\/v2\/tags?post=687605"}],"curies":[{"name":"wp","href":"https:\/\/api.w.org\/{rel}","templated":true}]}}