{"id":687649,"date":"2026-01-02T12:38:12","date_gmt":"2026-01-02T12:38:12","guid":{"rendered":"https:\/\/www.europesays.com\/de\/687649\/"},"modified":"2026-01-02T12:38:12","modified_gmt":"2026-01-02T12:38:12","slug":"boxen-schwergewicht-usyk-vor-usa-comeback","status":"publish","type":"post","link":"https:\/\/www.europesays.com\/de\/687649\/","title":{"rendered":"Boxen, Schwergewicht: Usyk vor USA-Comeback"},"content":{"rendered":"\n<p>Schwergewichts-K\u00f6nig Oleksandr Usyk will seine Krone gegen Ex-Weltmeister und K.o.-Knipser Deontay Wilder verteidigen. Schauplatz und Zeitpunkt des Duells nehmen Formen an, wie Usyks Manager nun verriet.\u00a0<\/p>\n<p>Oleksandr Usyk k\u00e4mpft 2026 nach mehr als f\u00fcnf Jahren Abstinenz wohl wieder in den USA. Wie Usyk-Manager Egis Klimas im Interview mit &#8222;The National&#8220; sagte, k\u00f6nnte der Schwergewichts-Weltmeister seine Titel von WBA, WBC und IBF Ende April, Anfang Mai an der US-Westk\u00fcste gegen Ex-WBC-Champion Deontay Wilder verteidigen.<\/p>\n<p>&#8222;Wilder ist einer der besten Namen, gegen die Oleksandr noch nicht gek\u00e4mpft hat. Er ist immer noch in guter Form und er ist noch immer ein K\u00e4mpfer, er ist also interessant. Und nun, es sind die USA&#8220;, so der Strippenzieher.<\/p>\n<p>Usyk stand zuletzt im Herbst 2019 in Amerika im Ring, damals verm\u00f6belte der heute 38-J\u00e4hrige US-Boy Chazz Witherspoon in Chicago.<\/p>\n<p>Video: Kabayel-Ansage: &#8222;Mit den Besten der Welt messen!&#8220;<\/p>\n<p>Der Schwergewichts-K\u00f6nig hat mehrfach kundgetan, einen Kampf gegen den langj\u00e4hrigen WBC-Weltmeister Wilder anzustreben, dem nach wie vor der Ruf des h\u00e4rteste Schl\u00e4gers (43 von 44 Siegen durch K.o.) vorauseilt. Als 13. der WBC-Rangliste kommt der 40-J\u00e4hrige als Gegner f\u00fcr eine freiwillige Titelverteidigung Usyks infrage.<\/p>\n<p>Der WBC hat schon angedeutet, das von vielen Experten sportlich kritisch be\u00e4ugte Duell abzusegnen. Wilder hat von seinen letzten f\u00fcnf K\u00e4mpfen drei verloren, boxte 2025 nur einmal gegen einen Aufbaugegner. Uskys Pflichtherausforderer ist der Deutsche Agit Kabayel, der bei dem Verband als Interims-Weltmeister firmiert.<\/p>\n<p>Kampf gegen Usyk? Agit Kabayel bleibt wohl in der Warteschleife<\/p>\n<p>Kabayel verteidigt die &#8222;Zwischen&#8220;-WM am 10. Januar in Oberhausen gegen den Polen Damian Knyba. Bisher hat der WBC auf Usyk keinerlei Druck ausge\u00fcbt, den G\u00fcrtel gegen den &#8222;Leberking&#8220; aus Bochum zu verteidigen, obwohl Kabayel im Rotationssystem der gro\u00dfen Verb\u00e4nde als n\u00e4chster Herausforderer an der Reihe w\u00e4re.<\/p>\n<p>Wahrscheinlich muss sich der 33-J\u00e4hrige angesichts Usyks Wilder-Pl\u00e4ne weiter gedulden und kommt fr\u00fchestens im Herbst oder Winter zu seinem WM-Recht.<\/p>\n<p>Klimas verriet, dass der saudische Box-Mogul Turki Al-Sheikh und seine &#8222;Riyadh Season&#8220; bei den US-Pl\u00e4nen seines Proteg\u00e9s keine Rolle spielt. Die Investorengruppe(n), mit denen er verhandele, &#8222;ist eine andere Gruppe aus den USA&#8220;. Er k\u00f6nne aber nicht ausschlie\u00dfen, dass Usyk k\u00fcnftig wieder unter dem Riad-Banner k\u00e4mpfe, so der Box-Manager.\u00a0<\/p>\n<p>Mehrere Box-Medien hatten \u00fcber einen Bruch zwischen Usyk und Al-Sheikh berichtet. Der Weltmeister verneinte dies via Social Media, zwischen ihm und Al-Sheikh sei &#8222;alles fein&#8220;.\u00a0<\/p>\n<p>Die USA hatten mit New York und Las Vegas viele Jahre praktisch ein Abo,\u00a0die Weltmeisterschaft im Schwergewicht auszutragen. Das hat sich ge\u00e4ndert, die letzten WM-K\u00e4mpfe gingen in England und eben Saudi-Arabien \u00fcber die B\u00fchne.\u00a0<\/p>\n<p>Der letzte Titelfight in den USA fand im Herbst 2021 statt, als Tyson Fury seinen Erzrivalen Wilder in Runde elf k.o. drosch. Fury, damals WBC-Champion, verteidigte den gr\u00fcn-goldenen G\u00fcrtel danach zweimal in London, ehe er ihn 2024 im Duell um alle gro\u00dfen G\u00fcrtel in Riad an Usyk verlor. Auch der Revanchekampf, den Usyk abermals gewann, fand in der saudischen Hauptstadt statt.<\/p>\n","protected":false},"excerpt":{"rendered":"Schwergewichts-K\u00f6nig Oleksandr Usyk will seine Krone gegen Ex-Weltmeister und K.o.-Knipser Deontay Wilder verteidigen. Schauplatz und Zeitpunkt des Duells&hellip;\n","protected":false},"author":2,"featured_media":687650,"comment_status":"","ping_status":"","sticky":false,"template":"","format":"standard","meta":{"footnotes":""},"categories":[3977],"tags":[331,332,520,130625,159201,13,14,15,159200,12,863,4017,4018,4016,64,4019,4020],"class_list":{"0":"post-687649","1":"post","2":"type-post","3":"status-publish","4":"format-standard","5":"has-post-thumbnail","7":"category-usa","8":"tag-aktuelle-nachrichten","9":"tag-aktuelle-news","10":"tag-boxen","11":"tag-boxen-schwergewicht","12":"tag-deontay-wilder","13":"tag-headlines","14":"tag-nachrichten","15":"tag-news","16":"tag-oleksandr-usyk","17":"tag-schlagzeilen","18":"tag-sport-allgemein","19":"tag-united-states","20":"tag-united-states-of-america","21":"tag-us","22":"tag-usa","23":"tag-vereinigte-staaten","24":"tag-vereinigte-staaten-von-amerika"},"share_on_mastodon":{"url":"https:\/\/pubeurope.com\/@de\/115825547863868108","error":""},"_links":{"self":[{"href":"https:\/\/www.europesays.com\/de\/wp-json\/wp\/v2\/posts\/687649","targetHints":{"allow":["GET"]}}],"collection":[{"href":"https:\/\/www.europesays.com\/de\/wp-json\/wp\/v2\/posts"}],"about":[{"href":"https:\/\/www.europesays.com\/de\/wp-json\/wp\/v2\/types\/post"}],"author":[{"embeddable":true,"href":"https:\/\/www.europesays.com\/de\/wp-json\/wp\/v2\/users\/2"}],"replies":[{"embeddable":true,"href":"https:\/\/www.europesays.com\/de\/wp-json\/wp\/v2\/comments?post=687649"}],"version-history":[{"count":0,"href":"https:\/\/www.europesays.com\/de\/wp-json\/wp\/v2\/posts\/687649\/revisions"}],"wp:featuredmedia":[{"embeddable":true,"href":"https:\/\/www.europesays.com\/de\/wp-json\/wp\/v2\/media\/687650"}],"wp:attachment":[{"href":"https:\/\/www.europesays.com\/de\/wp-json\/wp\/v2\/media?parent=687649"}],"wp:term":[{"taxonomy":"category","embeddable":true,"href":"https:\/\/www.europesays.com\/de\/wp-json\/wp\/v2\/categories?post=687649"},{"taxonomy":"post_tag","embeddable":true,"href":"https:\/\/www.europesays.com\/de\/wp-json\/wp\/v2\/tags?post=687649"}],"curies":[{"name":"wp","href":"https:\/\/api.w.org\/{rel}","templated":true}]}}