{"id":687694,"date":"2026-01-02T13:04:21","date_gmt":"2026-01-02T13:04:21","guid":{"rendered":"https:\/\/www.europesays.com\/de\/687694\/"},"modified":"2026-01-02T13:04:21","modified_gmt":"2026-01-02T13:04:21","slug":"sparkasse-neuss-und-moebel-hoeffner-erste-sponsoren-der-landesgartenschau-neuss-2026","status":"publish","type":"post","link":"https:\/\/www.europesays.com\/de\/687694\/","title":{"rendered":"Sparkasse Neuss und M\u00f6bel H\u00f6ffner erste Sponsoren der Landesgartenschau Neuss 2026"},"content":{"rendered":"<p class=\"date\">02.01.2026 \u2013 11:27<\/p>\n<p class=\"customer\">\n                        <a class=\"story-customer\" title=\"weiter zum newsroom von Landesgartenschau Neuss 2026\" href=\"https:\/\/www.presseportal.de\/nr\/180100\" target=\"_blank\" rel=\"noopener\">Landesgartenschau Neuss 2026<\/a>\n                    <\/p>\n<p><a class=\"glightbox event-trigger\" href=\"https:\/\/cache.pressmailing.net\/thumbnail\/story_hires\/1c5271c9-99a8-418a-b482-5f5c584e5d9b\/landegartenschau-neu~belgesellschaft.jpg.jpg\" data-description=\"Annette Nothnagel (l.) und Christoph H\u00f6lters (r.), Gesch\u00e4ftsf\u00fchrer der Landesgartenschau Neuss 2026 GmbH, freuen sich auf die Zusammenarbeit mit den Sponsoren: Die Stadtsparkasse Neuss, vertreten durch den Vorstandsvorsitzenden Dominikus Penners (m. l.), und der H\u00f6ffner M\u00f6belgesellschafft, vertreten durch die Standortleitung in Neuss, Florian Dunkelmann (m. r.). Credits: Landesgartenschau Neuss 2026 GmbH &amp; Alexander Raubal\" data-category=\"medialightbox\" data-action=\"click\" data-label=\"single\" data-value=\"69579d94270000fd2c5b63ac\" target=\"_blank\" rel=\"noopener\"><img decoding=\"async\" height=\"540\" with=\"720\" src=\"https:\/\/www.europesays.com\/de\/wp-content\/uploads\/2026\/01\/sparkasse-neuss-und-m-bel-h-ffner-erste-sponsoren-der-landesgartenschau-neuss-2026.jpeg\"   alt=\"Sparkasse Neuss und M\u00f6bel H\u00f6ffner erste Sponsoren der Landesgartenschau Neuss 2026\" class=\"single\"\/><\/a><\/p>\n<p><b>PRESSEMITTEILUNG<\/b><\/p>\n<p>Neuss, 02.01.2026<\/p>\n<p><b>Die Landesgartenschau Neuss 2026 startet mit zwei ersten Sponsoringpartnern: Die Sparkasse Neuss \u00fcbernimmt die Rolle des Exklusiv-Sponsors und wird Namensgeberin der Hauptb\u00fchne. <\/b><\/p>\n<p><b>Die H\u00f6ffner M\u00f6belgesellschaft unterst\u00fctzt die Gartenschau als Premium-Sponsor im Bereich M\u00f6blierung. Beide Partner sind in zentrale Bereiche der Gartenschau eingebunden und tragen zur Gestaltung bei. <\/b><\/p>\n<p>\u201eMit diesen beiden Unternehmen haben wir Partner gewonnen, die Verantwortung \u00fcbernehmen und die Landesgartenschau aktiv mitgestalten\u201c, sagt Annette Nothnagel, Gesch\u00e4ftsf\u00fchrerin der Landesgartenschau Neuss 2026 GmbH. \u201eSie leisten einen wichtigen Beitrag dazu, unser Gel\u00e4nde erlebbar, einladend und nachhaltig zu gestalten\u201c, so Nothnagel.<\/p>\n<p><b>Engagement der Sparkasse Neuss<\/b><\/p>\n<p>Die Sparkasse Neuss engagiert sich seit jeher f\u00fcr eine lebenswerte und zukunftsf\u00e4hige Region. F\u00fcr das regional verwurzelte Institut ist es selbstverst\u00e4ndlich, Projekte wie die Landesgartenschau Neuss 2026 zu unterst\u00fctzen. Die Gartenschau geht weit \u00fcber ein Garten- und Landschaftserlebnis hinaus: Sie schafft Orte, die Menschen verbinden, setzt Impulse f\u00fcr Nachhaltigkeit und st\u00e4rkt den Zusammenhalt in der Stadt. <\/p>\n<p>Als Exklusiv-Sponsor \u00fcbernimmt die Sparkasse die Namensrechte der Hauptb\u00fchne, die als \u201eSparkassen-B\u00fchne\u201c erlebbar sein wird. Dar\u00fcber hinaus realisiert sie einen gro\u00dfen Sparkassen-Familientag w\u00e4hrend der Sommerferien, der die Vielfalt und Offenheit der Landesgartenschau f\u00fcr alle Besucherinnen und Besucher erlebbar macht. <\/p>\n<p>\u201eUnser Ziel ist es, gemeinsam Verantwortung zu \u00fcbernehmen, Innovation mit Gemeinwohl zu verbinden und dazu beizutragen, dass Neuss nachhaltiger, gr\u00fcner und noch lebenswerter wird\u201c, erl\u00e4utert Dominikus Penners, Vorstandsvorsitzender der Sparkasse Neuss. Und dann weiter: \u201eWir freuen uns sehr darauf, die Landesgartenschau 2026 als Partner zu begleiten \u2013 und f\u00fcr die Region mitzubewegen, was sie stark macht.\u201c<\/p>\n<p><b>Engagement der H\u00f6ffner M\u00f6belgesellschaft<\/b><\/p>\n<p>Die H\u00f6ffner M\u00f6belgesellschaft unterst\u00fctzt die Landesgartenschau Neuss 2026 als Premium-Sponsor und gestaltet zentrale Aufenthalts- und Ausstellungsbereiche des Gartenschaugel\u00e4ndes. Dabei stehen Wohlf\u00fchl- und Begegnungsorte im Vordergrund, die zum Verweilen, Austauschen und Entdecken einladen.<\/p>\n<p>H\u00f6ffner ist seit der Er\u00f6ffnung seines Hauses in Neuss 2014 in der Region pr\u00e4sent und setzt auf Regionalit\u00e4t und Nachhaltigkeit. Mit der Unterst\u00fctzung des Bildungsprojekts \u201eGr\u00fcnes Klassenzimmer\u201c bringt das Unternehmen junge Menschen in Kontakt mit Themen rund um Natur, Umwelt und nachhaltige Entwicklung. Die Zusammenarbeit umfasst zudem die Unterst\u00fctzung bei der Gestaltung des LAGA-Ausstellungszeltes sowie der Freifl\u00e4chen auf dem Gartenschaugel\u00e4nde. <\/p>\n<p>Das Engagement st\u00e4rkt das lokale Miteinander und tr\u00e4gt dazu bei, die Landesgartenschau erlebbar zu machen. \u201eUnser M\u00f6belhaus pr\u00e4sentiert auf der Landesgartenschau exklusiv eine Auswahl an hochwertigen Gartenm\u00f6beln \u2013 sowohl im Zelt als auch auf der gro\u00dfz\u00fcgigen Au\u00dfenfl\u00e4che. Die Besucherinnen und Besucher d\u00fcrfen sich auf eine Vielzahl an Neuheiten freuen, die ihnen Inspirationen f\u00fcr den Garten bieten und zum Verweilen sowie Entspannen einladen&#8220;, so Florian Dunkelmann, Hausleitung der H\u00f6ffner M\u00f6belgesellschaft in Neuss. <\/p>\n<p><b>Hintergrund zur Landesgartenschau Neuss 2026<\/b><\/p>\n<p>Am 16. April 2026 wird mit der Landesgartenschau der neue Innenstadtpark als gr\u00fcnes Herz von Neuss er\u00f6ffnet. Erwartet werden rund 650.000 Besuchende. Neben innovativen Garten-, Kultur- und Erlebnisfl\u00e4chen werden zahlreiche Bildungs-, Familien- und Veranstaltungsangebote umgesetzt.<\/p>\n<p>Als gemeinn\u00fctziges Projekt baut die Landesgartenschau Neuss 2026 GmbH das Sponsoring-Portfolio sukzessive aus. Ziel ist es, mit gemeinschaftlichem Engagement eine Gartenschau zu realisieren, die Menschen zusammenbringt, nachhaltige Impulse setzt und Neuss langfristig als gr\u00fcne, lebenswerte Stadt st\u00e4rkt. <\/p>\n<p>Die Landesgartenschau Neuss 2026 freut sich \u00fcber weiteres Engagement von Unternehmen, die das Projekt als Sponsoren unterst\u00fctzen m\u00f6chten.<\/p>\n<p>Ansprechpartnerin: Margarete Kress (Marketing und Sponsoring)<\/p>\n<p>Tel: 03131-75114 12<\/p>\n<p>E-Mail:  <a target=\"_blank\" class=\"uri-ext outbound\" rel=\"noopener\" href=\"https:\/\/www.presseportal.de\/pm\/180100\/mailto:m.kress@landesgartenschau-neuss.de\">m.kress@landesgartenschau-neuss.de<\/a><\/p>\n<p><b>Pressekontakt \u2013 Landesgartenschau Neuss 2026 GmbH: <\/b><\/p>\n<p>Katja Feller<br \/>\nReferentin f\u00fcr Kommunikation, Presse\u2011 und \u00d6ffentlichkeitsarbeit<\/p>\n<p>Tel: 02131 75114-11 <\/p>\n<p>E-Mail:  <a target=\"_blank\" class=\"uri-ext outbound\" rel=\"noopener\" href=\"https:\/\/www.presseportal.de\/pm\/180100\/mailto:presse@landesgartenschau-neuss.de\">presse@landesgartenschau-neuss.de<\/a><\/p>\n<p>Landesgartenschau Neuss 2026 GmbH<br \/>\nAn der M\u00fcnze 7\u20119 | 41460 Neuss<\/p>\n<p> <a target=\"_blank\" class=\"uri-ext outbound\" rel=\"noopener\" href=\"http:\/\/www.landesgartenschau-neuss.de\">www.landesgartenschau-neuss.de<\/a><\/p>\n<p> <a target=\"_blank\" class=\"uri-ext outbound\" rel=\"noopener\" href=\"https:\/\/www.presseportal.de\/nr\/180100\">LAGA Neuss 2026 im Presseportal.de<\/a><\/p>\n","protected":false},"excerpt":{"rendered":"02.01.2026 \u2013 11:27 Landesgartenschau Neuss 2026 PRESSEMITTEILUNG Neuss, 02.01.2026 Die Landesgartenschau Neuss 2026 startet mit zwei ersten Sponsoringpartnern:&hellip;\n","protected":false},"author":2,"featured_media":687695,"comment_status":"","ping_status":"","sticky":false,"template":"","format":"standard","meta":{"footnotes":""},"categories":[1831],"tags":[3477,3364,29,3405,30,1209,178,180,179,181],"class_list":{"0":"post-687694","1":"post","2":"type-post","3":"status-publish","4":"format-standard","5":"has-post-thumbnail","7":"category-duesseldorf","8":"tag-bild","9":"tag-de","10":"tag-deutschland","11":"tag-duesseldorf","12":"tag-germany","13":"tag-nordrhein-westfalen","14":"tag-presse","15":"tag-pressemeldung","16":"tag-pressemitteilung","17":"tag-pressemitteilungen"},"share_on_mastodon":{"url":"https:\/\/pubeurope.com\/@de\/115825650337490855","error":""},"_links":{"self":[{"href":"https:\/\/www.europesays.com\/de\/wp-json\/wp\/v2\/posts\/687694","targetHints":{"allow":["GET"]}}],"collection":[{"href":"https:\/\/www.europesays.com\/de\/wp-json\/wp\/v2\/posts"}],"about":[{"href":"https:\/\/www.europesays.com\/de\/wp-json\/wp\/v2\/types\/post"}],"author":[{"embeddable":true,"href":"https:\/\/www.europesays.com\/de\/wp-json\/wp\/v2\/users\/2"}],"replies":[{"embeddable":true,"href":"https:\/\/www.europesays.com\/de\/wp-json\/wp\/v2\/comments?post=687694"}],"version-history":[{"count":0,"href":"https:\/\/www.europesays.com\/de\/wp-json\/wp\/v2\/posts\/687694\/revisions"}],"wp:featuredmedia":[{"embeddable":true,"href":"https:\/\/www.europesays.com\/de\/wp-json\/wp\/v2\/media\/687695"}],"wp:attachment":[{"href":"https:\/\/www.europesays.com\/de\/wp-json\/wp\/v2\/media?parent=687694"}],"wp:term":[{"taxonomy":"category","embeddable":true,"href":"https:\/\/www.europesays.com\/de\/wp-json\/wp\/v2\/categories?post=687694"},{"taxonomy":"post_tag","embeddable":true,"href":"https:\/\/www.europesays.com\/de\/wp-json\/wp\/v2\/tags?post=687694"}],"curies":[{"name":"wp","href":"https:\/\/api.w.org\/{rel}","templated":true}]}}